{"id":2055,"date":"2025-04-29T07:30:00","date_gmt":"2025-04-29T05:30:00","guid":{"rendered":"https:\/\/www.cofe.at\/?p=2055"},"modified":"2025-04-08T07:50:27","modified_gmt":"2025-04-08T05:50:27","slug":"mit-intelligenter-technologie-die-kraft-der-sonne-optimal-nutzen","status":"publish","type":"post","link":"https:\/\/www.cofe.at\/index.php\/2025\/04\/29\/mit-intelligenter-technologie-die-kraft-der-sonne-optimal-nutzen\/","title":{"rendered":"Mit intelligenter Technologie die Kraft der Sonne optimal nutzen"},"content":{"rendered":"\n<p>Der &#8222;Tag der Sonne&#8220; am 3. Mai 2025 ist eine wunderbare Gelegenheit, sich daran zu erinnern, wie wichtig und vielf\u00e4ltig die Nutzung der Sonnenenergie ist. <\/p>\n\n\n\n<!--more-->\n\n\n\n<p>Doch es geht nicht nur darum, Solaranlagen auf D\u00e4cher zu schrauben. Die wahre Power entfaltet die Sonne erst, wenn wir sie intelligent nutzen und optimal in unser Leben integrieren. Genau hier kommt moderne Technologie ins Spiel.<\/p>\n\n\n\n<p><strong>Intelligentes Energiemanagement: Der Schl\u00fcssel zur optimalen Nutzung<\/strong><\/p>\n\n\n\n<p>Intelligente Energiemanagementsysteme (EMS) sind die Schaltzentralen f\u00fcr Ihren Energiehaushalt. Sie analysieren den Energieverbrauch und die -erzeugung, optimieren den Einsatz von erneuerbaren Energien und helfen Ihnen, Energiekosten zu senken und Ihren CO2-Fu\u00dfabdruck zu verringern.<\/p>\n\n\n\n<p><strong>Wie funktioniert ein EMS?<\/strong><\/p>\n\n\n\n<p>Ein EMS verbindet Ihre Haushaltsger\u00e4te, W\u00e4rmepumpen, Wallboxen und Speichersysteme mit Ihrer Photovoltaikanlage. Es sorgt daf\u00fcr, dass der selbst erzeugte Strom gezielt und optimal genutzt wird, indem es den Verbrauch auf die Zeiten abstimmt, in denen die Sonne am st\u00e4rksten scheint. So wird beispielsweise Ihr Warmwasserboiler automatisch eingeschaltet, wenn genug Solarstrom verf\u00fcgbar ist.<\/p>\n\n\n\n<p><strong>SunCloud: Die intelligente Plattform f\u00fcr grenzenlose Vernetzung<\/strong><\/p>\n\n\n\n<p>Ein gutes Beispiel f\u00fcr ein solches EMS ist <a href=\"https:\/\/www.cofe.at\/index.php\/computing\/iot-systemloesungen\/#tab3\">SunCloud<\/a>. Diese eigenentwickelte Plattform vernetzt verschiedene Smart Home-L\u00f6sungen und smarte Energiemanagementsysteme nahtlos miteinander \u2013 unabh\u00e4ngig von Hersteller oder Plattform. Das bedeutet, Sie k\u00f6nnen Ger\u00e4te und Systeme unterschiedlicher Anbieter in einer einzigen, intelligenten Plattform kombinieren und zentral steuern.<\/p>\n\n\n\n<p><strong>Machen Sie Ihr Zuhause smart und energieeffizient<\/strong><\/p>\n\n\n\n<p>Auch wenn Sie noch kein Smart Home haben, ist das kein Problem. SunCloud kann mit einfachen Erweiterungen in Ihrer bestehenden Installation Ihr Zuhause in ein smartes Home verwandeln. Die M\u00f6glichkeiten sind vielf\u00e4ltig:<\/p>\n\n\n\n<ul class=\"wp-block-list\">\n<li><strong>Automatische Steuerung der Heizung:<\/strong>&nbsp;Passen Sie die Raumtemperatur automatisch an die Sonneneinstrahlung und Ihren Tagesablauf an.<\/li>\n\n\n\n<li><strong>Intelligente Rollladensteuerung:<\/strong>&nbsp;Nutzen Sie die Sonneneinstrahlung im Winter zur W\u00e4rmegewinnung und sch\u00fctzen Sie Ihr Haus im Sommer vor \u00dcberhitzung.<\/li>\n\n\n\n<li><strong>Optimierung des Eigenverbrauchs:<\/strong>&nbsp;Laden Sie Ihr Elektroauto mit dem \u00fcbersch\u00fcssigen Strom Ihrer Photovoltaikanlage oder speichern Sie ihn in einem Batteriespeicher.<\/li>\n<\/ul>\n\n\n\n<p><strong>Die Sonne intelligent nutzen<\/strong><\/p>\n\n\n\n<p>Der &#8222;Tag der Sonne&#8220; erinnert uns daran, wie wichtig es ist, auf erneuerbare Energien zu setzen. Mit intelligenten Energiemanagementsystemen wie <a href=\"https:\/\/www.cofe.at\/index.php\/computing\/iot-systemloesungen\/#tab3\">SunCloud<\/a> k\u00f6nnen wir die Kraft der Sonne jedoch noch viel besser nutzen. Sie helfen uns, Energiekosten zu senken, die Umwelt zu schonen und unseren Wohnkomfort zu steigern. Es ist an der Zeit, die Zukunft der Energieversorgung in die Hand zu nehmen und die Sonne intelligent in unser Leben zu integrieren!<\/p>\n\n\n\n<p><\/p>\n","protected":false},"excerpt":{"rendered":"<p>Der &#8222;Tag der Sonne&#8220; am 3. Mai 2025 ist eine wunderbare Gelegenheit, sich daran zu erinnern, wie wichtig und vielf\u00e4ltig die Nutzung der Sonnenenergie ist.<\/p>\n","protected":false},"author":1,"featured_media":843,"comment_status":"closed","ping_status":"open","sticky":false,"template":"","format":"standard","meta":{"_eb_attr":"","_themeisle_gutenberg_block_has_review":false,"footnotes":""},"categories":[58,56,57],"tags":[30,59,123,61],"class_list":["post-2055","post","type-post","status-publish","format-standard","has-post-thumbnail","hentry","category-energiemanagement","category-smart-home","category-suncloud","tag-computing","tag-energiemanagement","tag-erneuerbare-energie","tag-suncloud"],"yoast_head":"<!-- This site is optimized with the Yoast SEO plugin v27.5 - https:\/\/yoast.com\/product\/yoast-seo-wordpress\/ -->\n<title>Mit intelligenter Technologie die Kraft der Sonne optimal nutzen - CoFe e.U.<\/title>\n<meta name=\"description\" content=\"Tag der Sonne: Intelligente Technologie f\u00fcr optimale Nutzung der Sonnenenergie \u2013 Effizienz und Nachhaltigkeit im Fokus.\" \/>\n<meta name=\"robots\" content=\"index, follow, max-snippet:-1, max-image-preview:large, max-video-preview:-1\" \/>\n<link rel=\"canonical\" href=\"https:\/\/www.cofe.at\/index.php\/2025\/04\/29\/mit-intelligenter-technologie-die-kraft-der-sonne-optimal-nutzen\/\" \/>\n<meta property=\"og:locale\" content=\"de_DE\" \/>\n<meta property=\"og:type\" content=\"article\" \/>\n<meta property=\"og:title\" content=\"Mit intelligenter Technologie die Kraft der Sonne optimal nutzen - CoFe e.U.\" \/>\n<meta property=\"og:description\" content=\"Tag der Sonne: Intelligente Technologie f\u00fcr optimale Nutzung der Sonnenenergie \u2013 Effizienz und Nachhaltigkeit im Fokus.\" \/>\n<meta property=\"og:url\" content=\"https:\/\/www.cofe.at\/index.php\/2025\/04\/29\/mit-intelligenter-technologie-die-kraft-der-sonne-optimal-nutzen\/\" \/>\n<meta property=\"og:site_name\" content=\"CoFe e.U.\" \/>\n<meta property=\"article:published_time\" content=\"2025-04-29T05:30:00+00:00\" \/>\n<meta property=\"og:image\" content=\"https:\/\/www.cofe.at\/wp-content\/uploads\/2024\/11\/Logo_suncloud.jpg\" \/>\n\t<meta property=\"og:image:width\" content=\"2126\" \/>\n\t<meta property=\"og:image:height\" content=\"1889\" \/>\n\t<meta property=\"og:image:type\" content=\"image\/jpeg\" \/>\n<meta name=\"author\" content=\"Andreas Felber\" \/>\n<meta name=\"twitter:card\" content=\"summary_large_image\" \/>\n<meta name=\"twitter:label1\" content=\"Verfasst von\" \/>\n\t<meta name=\"twitter:data1\" content=\"Andreas Felber\" \/>\n\t<meta name=\"twitter:label2\" content=\"Gesch\u00e4tzte Lesezeit\" \/>\n\t<meta name=\"twitter:data2\" content=\"3 Minuten\" \/>\n<script type=\"application\/ld+json\" class=\"yoast-schema-graph\">{\"@context\":\"https:\\\/\\\/schema.org\",\"@graph\":[{\"@type\":\"Article\",\"@id\":\"https:\\\/\\\/www.cofe.at\\\/index.php\\\/2025\\\/04\\\/29\\\/mit-intelligenter-technologie-die-kraft-der-sonne-optimal-nutzen\\\/#article\",\"isPartOf\":{\"@id\":\"https:\\\/\\\/www.cofe.at\\\/index.php\\\/2025\\\/04\\\/29\\\/mit-intelligenter-technologie-die-kraft-der-sonne-optimal-nutzen\\\/\"},\"author\":{\"name\":\"Andreas Felber\",\"@id\":\"https:\\\/\\\/www.cofe.at\\\/#\\\/schema\\\/person\\\/e9e522f2d19ee060032e9b16ad4cf892\"},\"headline\":\"Mit intelligenter Technologie die Kraft der Sonne optimal nutzen\",\"datePublished\":\"2025-04-29T05:30:00+00:00\",\"mainEntityOfPage\":{\"@id\":\"https:\\\/\\\/www.cofe.at\\\/index.php\\\/2025\\\/04\\\/29\\\/mit-intelligenter-technologie-die-kraft-der-sonne-optimal-nutzen\\\/\"},\"wordCount\":409,\"publisher\":{\"@id\":\"https:\\\/\\\/www.cofe.at\\\/#organization\"},\"image\":{\"@id\":\"https:\\\/\\\/www.cofe.at\\\/index.php\\\/2025\\\/04\\\/29\\\/mit-intelligenter-technologie-die-kraft-der-sonne-optimal-nutzen\\\/#primaryimage\"},\"thumbnailUrl\":\"https:\\\/\\\/www.cofe.at\\\/wp-content\\\/uploads\\\/2024\\\/11\\\/Logo_suncloud.jpg\",\"keywords\":[\"Computing\",\"Energiemanagement\",\"Erneuerbare Energie\",\"SunCloud\"],\"articleSection\":[\"Energiemanagement\",\"Smart Home\",\"SunCloud\"],\"inLanguage\":\"de-AT\"},{\"@type\":\"WebPage\",\"@id\":\"https:\\\/\\\/www.cofe.at\\\/index.php\\\/2025\\\/04\\\/29\\\/mit-intelligenter-technologie-die-kraft-der-sonne-optimal-nutzen\\\/\",\"url\":\"https:\\\/\\\/www.cofe.at\\\/index.php\\\/2025\\\/04\\\/29\\\/mit-intelligenter-technologie-die-kraft-der-sonne-optimal-nutzen\\\/\",\"name\":\"Mit intelligenter Technologie die Kraft der Sonne optimal nutzen - CoFe e.U.\",\"isPartOf\":{\"@id\":\"https:\\\/\\\/www.cofe.at\\\/#website\"},\"primaryImageOfPage\":{\"@id\":\"https:\\\/\\\/www.cofe.at\\\/index.php\\\/2025\\\/04\\\/29\\\/mit-intelligenter-technologie-die-kraft-der-sonne-optimal-nutzen\\\/#primaryimage\"},\"image\":{\"@id\":\"https:\\\/\\\/www.cofe.at\\\/index.php\\\/2025\\\/04\\\/29\\\/mit-intelligenter-technologie-die-kraft-der-sonne-optimal-nutzen\\\/#primaryimage\"},\"thumbnailUrl\":\"https:\\\/\\\/www.cofe.at\\\/wp-content\\\/uploads\\\/2024\\\/11\\\/Logo_suncloud.jpg\",\"datePublished\":\"2025-04-29T05:30:00+00:00\",\"description\":\"Tag der Sonne: Intelligente Technologie f\u00fcr optimale Nutzung der Sonnenenergie \u2013 Effizienz und Nachhaltigkeit im Fokus.\",\"breadcrumb\":{\"@id\":\"https:\\\/\\\/www.cofe.at\\\/index.php\\\/2025\\\/04\\\/29\\\/mit-intelligenter-technologie-die-kraft-der-sonne-optimal-nutzen\\\/#breadcrumb\"},\"inLanguage\":\"de-AT\",\"potentialAction\":[{\"@type\":\"ReadAction\",\"target\":[\"https:\\\/\\\/www.cofe.at\\\/index.php\\\/2025\\\/04\\\/29\\\/mit-intelligenter-technologie-die-kraft-der-sonne-optimal-nutzen\\\/\"]}]},{\"@type\":\"ImageObject\",\"inLanguage\":\"de-AT\",\"@id\":\"https:\\\/\\\/www.cofe.at\\\/index.php\\\/2025\\\/04\\\/29\\\/mit-intelligenter-technologie-die-kraft-der-sonne-optimal-nutzen\\\/#primaryimage\",\"url\":\"https:\\\/\\\/www.cofe.at\\\/wp-content\\\/uploads\\\/2024\\\/11\\\/Logo_suncloud.jpg\",\"contentUrl\":\"https:\\\/\\\/www.cofe.at\\\/wp-content\\\/uploads\\\/2024\\\/11\\\/Logo_suncloud.jpg\",\"width\":2126,\"height\":1889},{\"@type\":\"BreadcrumbList\",\"@id\":\"https:\\\/\\\/www.cofe.at\\\/index.php\\\/2025\\\/04\\\/29\\\/mit-intelligenter-technologie-die-kraft-der-sonne-optimal-nutzen\\\/#breadcrumb\",\"itemListElement\":[{\"@type\":\"ListItem\",\"position\":1,\"name\":\"Startseite\",\"item\":\"https:\\\/\\\/www.cofe.at\\\/\"},{\"@type\":\"ListItem\",\"position\":2,\"name\":\"Mit intelligenter Technologie die Kraft der Sonne optimal nutzen\"}]},{\"@type\":\"WebSite\",\"@id\":\"https:\\\/\\\/www.cofe.at\\\/#website\",\"url\":\"https:\\\/\\\/www.cofe.at\\\/\",\"name\":\"CoFe e.U.\",\"description\":\"Consulting - Coaching - Computing\",\"publisher\":{\"@id\":\"https:\\\/\\\/www.cofe.at\\\/#organization\"},\"potentialAction\":[{\"@type\":\"SearchAction\",\"target\":{\"@type\":\"EntryPoint\",\"urlTemplate\":\"https:\\\/\\\/www.cofe.at\\\/?s={search_term_string}\"},\"query-input\":{\"@type\":\"PropertyValueSpecification\",\"valueRequired\":true,\"valueName\":\"search_term_string\"}}],\"inLanguage\":\"de-AT\"},{\"@type\":\"Organization\",\"@id\":\"https:\\\/\\\/www.cofe.at\\\/#organization\",\"name\":\"CoFe e.U.\",\"url\":\"https:\\\/\\\/www.cofe.at\\\/\",\"logo\":{\"@type\":\"ImageObject\",\"inLanguage\":\"de-AT\",\"@id\":\"https:\\\/\\\/www.cofe.at\\\/#\\\/schema\\\/logo\\\/image\\\/\",\"url\":\"https:\\\/\\\/www.cofe.at\\\/wp-content\\\/uploads\\\/2024\\\/11\\\/CoFe_Logo_ohneText_blau-bbfff2.svg\",\"contentUrl\":\"https:\\\/\\\/www.cofe.at\\\/wp-content\\\/uploads\\\/2024\\\/11\\\/CoFe_Logo_ohneText_blau-bbfff2.svg\",\"width\":100,\"height\":100,\"caption\":\"CoFe e.U.\"},\"image\":{\"@id\":\"https:\\\/\\\/www.cofe.at\\\/#\\\/schema\\\/logo\\\/image\\\/\"},\"sameAs\":[\"https:\\\/\\\/www.xing.com\\\/pages\\\/cofe-e-u\",\"https:\\\/\\\/www.linkedin.com\\\/company\\\/103912604\"]},{\"@type\":\"Person\",\"@id\":\"https:\\\/\\\/www.cofe.at\\\/#\\\/schema\\\/person\\\/e9e522f2d19ee060032e9b16ad4cf892\",\"name\":\"Andreas Felber\",\"image\":{\"@type\":\"ImageObject\",\"inLanguage\":\"de-AT\",\"@id\":\"https:\\\/\\\/secure.gravatar.com\\\/avatar\\\/8511c95ef6f7083cd0692a3c2beb320c914537f015f7ebfaadd709ccfc4ad0e2?s=96&d=mm&r=g\",\"url\":\"https:\\\/\\\/secure.gravatar.com\\\/avatar\\\/8511c95ef6f7083cd0692a3c2beb320c914537f015f7ebfaadd709ccfc4ad0e2?s=96&d=mm&r=g\",\"contentUrl\":\"https:\\\/\\\/secure.gravatar.com\\\/avatar\\\/8511c95ef6f7083cd0692a3c2beb320c914537f015f7ebfaadd709ccfc4ad0e2?s=96&d=mm&r=g\",\"caption\":\"Andreas Felber\"},\"sameAs\":[\"http:\\\/\\\/www.cofe.at\\\/consulting\"],\"url\":\"https:\\\/\\\/www.cofe.at\\\/index.php\\\/author\\\/felbera\\\/\"}]}<\/script>\n<!-- \/ Yoast SEO plugin. -->","yoast_head_json":{"title":"Mit intelligenter Technologie die Kraft der Sonne optimal nutzen - CoFe e.U.","description":"Tag der Sonne: Intelligente Technologie f\u00fcr optimale Nutzung der Sonnenenergie \u2013 Effizienz und Nachhaltigkeit im Fokus.","robots":{"index":"index","follow":"follow","max-snippet":"max-snippet:-1","max-image-preview":"max-image-preview:large","max-video-preview":"max-video-preview:-1"},"canonical":"https:\/\/www.cofe.at\/index.php\/2025\/04\/29\/mit-intelligenter-technologie-die-kraft-der-sonne-optimal-nutzen\/","og_locale":"de_DE","og_type":"article","og_title":"Mit intelligenter Technologie die Kraft der Sonne optimal nutzen - CoFe e.U.","og_description":"Tag der Sonne: Intelligente Technologie f\u00fcr optimale Nutzung der Sonnenenergie \u2013 Effizienz und Nachhaltigkeit im Fokus.","og_url":"https:\/\/www.cofe.at\/index.php\/2025\/04\/29\/mit-intelligenter-technologie-die-kraft-der-sonne-optimal-nutzen\/","og_site_name":"CoFe e.U.","article_published_time":"2025-04-29T05:30:00+00:00","og_image":[{"width":2126,"height":1889,"url":"https:\/\/www.cofe.at\/wp-content\/uploads\/2024\/11\/Logo_suncloud.jpg","type":"image\/jpeg"}],"author":"Andreas Felber","twitter_card":"summary_large_image","twitter_misc":{"Verfasst von":"Andreas Felber","Gesch\u00e4tzte Lesezeit":"3 Minuten"},"schema":{"@context":"https:\/\/schema.org","@graph":[{"@type":"Article","@id":"https:\/\/www.cofe.at\/index.php\/2025\/04\/29\/mit-intelligenter-technologie-die-kraft-der-sonne-optimal-nutzen\/#article","isPartOf":{"@id":"https:\/\/www.cofe.at\/index.php\/2025\/04\/29\/mit-intelligenter-technologie-die-kraft-der-sonne-optimal-nutzen\/"},"author":{"name":"Andreas Felber","@id":"https:\/\/www.cofe.at\/#\/schema\/person\/e9e522f2d19ee060032e9b16ad4cf892"},"headline":"Mit intelligenter Technologie die Kraft der Sonne optimal nutzen","datePublished":"2025-04-29T05:30:00+00:00","mainEntityOfPage":{"@id":"https:\/\/www.cofe.at\/index.php\/2025\/04\/29\/mit-intelligenter-technologie-die-kraft-der-sonne-optimal-nutzen\/"},"wordCount":409,"publisher":{"@id":"https:\/\/www.cofe.at\/#organization"},"image":{"@id":"https:\/\/www.cofe.at\/index.php\/2025\/04\/29\/mit-intelligenter-technologie-die-kraft-der-sonne-optimal-nutzen\/#primaryimage"},"thumbnailUrl":"https:\/\/www.cofe.at\/wp-content\/uploads\/2024\/11\/Logo_suncloud.jpg","keywords":["Computing","Energiemanagement","Erneuerbare Energie","SunCloud"],"articleSection":["Energiemanagement","Smart Home","SunCloud"],"inLanguage":"de-AT"},{"@type":"WebPage","@id":"https:\/\/www.cofe.at\/index.php\/2025\/04\/29\/mit-intelligenter-technologie-die-kraft-der-sonne-optimal-nutzen\/","url":"https:\/\/www.cofe.at\/index.php\/2025\/04\/29\/mit-intelligenter-technologie-die-kraft-der-sonne-optimal-nutzen\/","name":"Mit intelligenter Technologie die Kraft der Sonne optimal nutzen - CoFe e.U.","isPartOf":{"@id":"https:\/\/www.cofe.at\/#website"},"primaryImageOfPage":{"@id":"https:\/\/www.cofe.at\/index.php\/2025\/04\/29\/mit-intelligenter-technologie-die-kraft-der-sonne-optimal-nutzen\/#primaryimage"},"image":{"@id":"https:\/\/www.cofe.at\/index.php\/2025\/04\/29\/mit-intelligenter-technologie-die-kraft-der-sonne-optimal-nutzen\/#primaryimage"},"thumbnailUrl":"https:\/\/www.cofe.at\/wp-content\/uploads\/2024\/11\/Logo_suncloud.jpg","datePublished":"2025-04-29T05:30:00+00:00","description":"Tag der Sonne: Intelligente Technologie f\u00fcr optimale Nutzung der Sonnenenergie \u2013 Effizienz und Nachhaltigkeit im Fokus.","breadcrumb":{"@id":"https:\/\/www.cofe.at\/index.php\/2025\/04\/29\/mit-intelligenter-technologie-die-kraft-der-sonne-optimal-nutzen\/#breadcrumb"},"inLanguage":"de-AT","potentialAction":[{"@type":"ReadAction","target":["https:\/\/www.cofe.at\/index.php\/2025\/04\/29\/mit-intelligenter-technologie-die-kraft-der-sonne-optimal-nutzen\/"]}]},{"@type":"ImageObject","inLanguage":"de-AT","@id":"https:\/\/www.cofe.at\/index.php\/2025\/04\/29\/mit-intelligenter-technologie-die-kraft-der-sonne-optimal-nutzen\/#primaryimage","url":"https:\/\/www.cofe.at\/wp-content\/uploads\/2024\/11\/Logo_suncloud.jpg","contentUrl":"https:\/\/www.cofe.at\/wp-content\/uploads\/2024\/11\/Logo_suncloud.jpg","width":2126,"height":1889},{"@type":"BreadcrumbList","@id":"https:\/\/www.cofe.at\/index.php\/2025\/04\/29\/mit-intelligenter-technologie-die-kraft-der-sonne-optimal-nutzen\/#breadcrumb","itemListElement":[{"@type":"ListItem","position":1,"name":"Startseite","item":"https:\/\/www.cofe.at\/"},{"@type":"ListItem","position":2,"name":"Mit intelligenter Technologie die Kraft der Sonne optimal nutzen"}]},{"@type":"WebSite","@id":"https:\/\/www.cofe.at\/#website","url":"https:\/\/www.cofe.at\/","name":"CoFe e.U.","description":"Consulting - Coaching - Computing","publisher":{"@id":"https:\/\/www.cofe.at\/#organization"},"potentialAction":[{"@type":"SearchAction","target":{"@type":"EntryPoint","urlTemplate":"https:\/\/www.cofe.at\/?s={search_term_string}"},"query-input":{"@type":"PropertyValueSpecification","valueRequired":true,"valueName":"search_term_string"}}],"inLanguage":"de-AT"},{"@type":"Organization","@id":"https:\/\/www.cofe.at\/#organization","name":"CoFe e.U.","url":"https:\/\/www.cofe.at\/","logo":{"@type":"ImageObject","inLanguage":"de-AT","@id":"https:\/\/www.cofe.at\/#\/schema\/logo\/image\/","url":"https:\/\/www.cofe.at\/wp-content\/uploads\/2024\/11\/CoFe_Logo_ohneText_blau-bbfff2.svg","contentUrl":"https:\/\/www.cofe.at\/wp-content\/uploads\/2024\/11\/CoFe_Logo_ohneText_blau-bbfff2.svg","width":100,"height":100,"caption":"CoFe e.U."},"image":{"@id":"https:\/\/www.cofe.at\/#\/schema\/logo\/image\/"},"sameAs":["https:\/\/www.xing.com\/pages\/cofe-e-u","https:\/\/www.linkedin.com\/company\/103912604"]},{"@type":"Person","@id":"https:\/\/www.cofe.at\/#\/schema\/person\/e9e522f2d19ee060032e9b16ad4cf892","name":"Andreas Felber","image":{"@type":"ImageObject","inLanguage":"de-AT","@id":"https:\/\/secure.gravatar.com\/avatar\/8511c95ef6f7083cd0692a3c2beb320c914537f015f7ebfaadd709ccfc4ad0e2?s=96&d=mm&r=g","url":"https:\/\/secure.gravatar.com\/avatar\/8511c95ef6f7083cd0692a3c2beb320c914537f015f7ebfaadd709ccfc4ad0e2?s=96&d=mm&r=g","contentUrl":"https:\/\/secure.gravatar.com\/avatar\/8511c95ef6f7083cd0692a3c2beb320c914537f015f7ebfaadd709ccfc4ad0e2?s=96&d=mm&r=g","caption":"Andreas Felber"},"sameAs":["http:\/\/www.cofe.at\/consulting"],"url":"https:\/\/www.cofe.at\/index.php\/author\/felbera\/"}]}},"_links":{"self":[{"href":"https:\/\/www.cofe.at\/index.php\/wp-json\/wp\/v2\/posts\/2055","targetHints":{"allow":["GET"]}}],"collection":[{"href":"https:\/\/www.cofe.at\/index.php\/wp-json\/wp\/v2\/posts"}],"about":[{"href":"https:\/\/www.cofe.at\/index.php\/wp-json\/wp\/v2\/types\/post"}],"author":[{"embeddable":true,"href":"https:\/\/www.cofe.at\/index.php\/wp-json\/wp\/v2\/users\/1"}],"replies":[{"embeddable":true,"href":"https:\/\/www.cofe.at\/index.php\/wp-json\/wp\/v2\/comments?post=2055"}],"version-history":[{"count":3,"href":"https:\/\/www.cofe.at\/index.php\/wp-json\/wp\/v2\/posts\/2055\/revisions"}],"predecessor-version":[{"id":2117,"href":"https:\/\/www.cofe.at\/index.php\/wp-json\/wp\/v2\/posts\/2055\/revisions\/2117"}],"wp:featuredmedia":[{"embeddable":true,"href":"https:\/\/www.cofe.at\/index.php\/wp-json\/wp\/v2\/media\/843"}],"wp:attachment":[{"href":"https:\/\/www.cofe.at\/index.php\/wp-json\/wp\/v2\/media?parent=2055"}],"wp:term":[{"taxonomy":"category","embeddable":true,"href":"https:\/\/www.cofe.at\/index.php\/wp-json\/wp\/v2\/categories?post=2055"},{"taxonomy":"post_tag","embeddable":true,"href":"https:\/\/www.cofe.at\/index.php\/wp-json\/wp\/v2\/tags?post=2055"}],"curies":[{"name":"wp","href":"https:\/\/api.w.org\/{rel}","templated":true}]}}