{"id":2403,"date":"2025-08-26T07:30:39","date_gmt":"2025-08-26T05:30:39","guid":{"rendered":"https:\/\/www.cofe.at\/?p=2403"},"modified":"2025-08-08T08:39:33","modified_gmt":"2025-08-08T06:39:33","slug":"eu-omnibus-rechtsakt-darum-sind-auch-kmu-betroffen","status":"publish","type":"post","link":"https:\/\/www.cofe.at\/index.php\/2025\/08\/26\/eu-omnibus-rechtsakt-darum-sind-auch-kmu-betroffen\/","title":{"rendered":"EU-Omnibus-Rechtsakt: Darum sind auch KMU betroffen"},"content":{"rendered":"\n<p>Auch wenn der EU-Omnibus-Rechtsakt direkte Berichtspflichten vor allem gro\u00dfen Unternehmen zuordnen m\u00f6chte, bedeutet das f\u00fcr viele KMU keine Entwarnung. \u00dcber die Lieferkette entsteht deutlicher Druck \u2013 und eine sorgf\u00e4ltige Vorbereitung ist nun wichtiger denn je.<\/p>\n\n\n\n<!--more-->\n\n\n\n<p>Der Omnibus-Vorschlag der EU-Kommission zielt darauf ab, Nachhaltigkeitsregeln wie CSRD und CSDDD zu vereinfachen \u2013 durch h\u00f6here Schwellenwerte (z.\u202fB. ab\u202f1\u202f000 Mitarbeitenden) und verschobene Fristen (z.\u202fB. CSRD ab 2027). Der EU-Rat hat bereits seinen Standpunkt festgelegt; das EU-Parlament befindet sich in Abstimmung, bevor eine Trilog-Verhandlung beginnt. Eine finale Verabschiedung k\u00f6nnte noch 2025 erfolgen, danach erfolgt die Umsetzung in nationales Recht. <em>(Stand: August 2025)<\/em><\/p>\n\n\n\n<p><strong>KMU sind trotzdem betroffen \u2013 indirekt durch die Lieferkette:<\/strong><\/p>\n\n\n\n<ul class=\"wp-block-list\">\n<li><strong>CSDDD<\/strong> verlangt von gro\u00dfen Unternehmen, Menschenrechte und Umweltstandards entlang ihrer Lieferkette sicherzustellen.<\/li>\n\n\n\n<li><strong>CSRD <\/strong>verpflichtet zu Daten \u00fcber die gesamte Wertsch\u00f6pfungskette, was gro\u00dfen Unternehmen ESG-Daten auch von KMU abverlangen wird.<\/li>\n<\/ul>\n\n\n\n<p>Seitens der Lieferanten wird erwartet, dass Daten wie CO\u2082-Bilanzen, Umweltmanagement, Sozialstandards etc. bereitgestellt werden \u2013 auch wenn keine direkte Berichtspflicht besteht.<\/p>\n\n\n\n<p>Die konkreten Auswirkungen f\u00fcr KMU ergeben sich durch:<\/p>\n\n\n\n<ul class=\"wp-block-list\">\n<li><strong>ESG-Klauseln in Vertr\u00e4gen<\/strong>: Nachhaltigkeitsanforderungen werden zunehmend Teil von Liefervereinbarungen.<\/li>\n\n\n\n<li><strong>Informationspflichten<\/strong>: Datenanfragen zu Emissionen, Arbeitsbedingungen und Zertifizierungen nehmen zu.<\/li>\n\n\n\n<li><strong>Kosten und Aufwand<\/strong>: Strukturen f\u00fcr Datenerhebung, Dokumentation und ggf. Audits oder Zertifizierungen entstehen.<\/li>\n\n\n\n<li><strong>Marktzugang<\/strong>: Ohne ESG-Nachweise riskieren KMU, aus Lieferketten ausgeschlossen zu werden.<\/li>\n<\/ul>\n\n\n\n<p>Wir empfehlen daher:<\/p>\n\n\n\n<ul class=\"wp-block-list\">\n<li><strong>ESG-Daten fr\u00fchzeitig strukturieren<\/strong>: Legen Sie Grundlagen f\u00fcr CO\u2082-Werte, Lieferantenmanagement, Sozialstandards.<\/li>\n\n\n\n<li><strong>Aktiven Dialog starten<\/strong>: Kl\u00e4ren Sie bei Ihren Partnern, welche ESG-Informationen k\u00fcnftig relevant werden.<\/li>\n\n\n\n<li><strong>F\u00f6rder- und Beratungsangebote nutzen<\/strong>: z.\u202fB. von WKO oder aws f\u00fcr KMU-Unterst\u00fctzung im ESG-Bereich.<\/li>\n\n\n\n<li><strong>ESG als Wettbewerbsvorteil verstehen<\/strong>: Proaktives Handeln st\u00e4rkt Marktposition und Vertrauen.<\/li>\n<\/ul>\n\n\n\n<p>Auch wenn der Omnibus-Rechtsakt viele KMU von direkten Pflichten entlasten k\u00f6nnte, bleibt der Einfluss sp\u00fcrbar: \u00dcber die Lieferkette sind sie weiterhin eingebunden. Wer fr\u00fchzeitig handelt, profitiert von Chancen \u2013 statt unter Druck zu geraten. Nutzen Sie dazu gerne auch <a href=\"https:\/\/www.cofe.at\/index.php\/kontakt\/\">unsere Expertise und Erfahrung<\/a>, um jetzt die richtigen Schritte zu setzen.<\/p>\n\n\n\n<p><\/p>\n","protected":false},"excerpt":{"rendered":"<p>Auch wenn der EU-Omnibus-Rechtsakt direkte Berichtspflichten vor allem gro\u00dfen Unternehmen zuordnen m\u00f6chte, bedeutet das f\u00fcr viele KMU keine Entwarnung. \u00dcber die Lieferkette entsteht deutlicher Druck \u2013 und eine sorgf\u00e4ltige Vorbereitung ist nun wichtiger denn je.<\/p>\n","protected":false},"author":1,"featured_media":2404,"comment_status":"closed","ping_status":"open","sticky":false,"template":"","format":"standard","meta":{"_eb_attr":"","_themeisle_gutenberg_block_has_review":false,"footnotes":""},"categories":[1,6],"tags":[76,74,52],"class_list":["post-2403","post","type-post","status-publish","format-standard","has-post-thumbnail","hentry","category-allgemein","category-managementsystem","tag-csrd","tag-esg","tag-nachhaltigkeit"],"yoast_head":"<!-- This site is optimized with the Yoast SEO plugin v27.4 - https:\/\/yoast.com\/product\/yoast-seo-wordpress\/ -->\n<title>EU-Omnibus-Rechtsakt: Darum sind auch KMU betroffen - CoFe e.U.<\/title>\n<meta name=\"description\" content=\"KMU aufgepasst: Der EU-Omnibus-Rechtsakt bringt neue ESG-Pflichten \u00fcber die Lieferkette. Jetzt informieren und vorbereitet bleiben!\" \/>\n<meta name=\"robots\" content=\"index, follow, max-snippet:-1, max-image-preview:large, max-video-preview:-1\" \/>\n<link rel=\"canonical\" href=\"https:\/\/www.cofe.at\/index.php\/2025\/08\/26\/eu-omnibus-rechtsakt-darum-sind-auch-kmu-betroffen\/\" \/>\n<meta property=\"og:locale\" content=\"de_DE\" \/>\n<meta property=\"og:type\" content=\"article\" \/>\n<meta property=\"og:title\" content=\"EU-Omnibus-Rechtsakt: Darum sind auch KMU betroffen - CoFe e.U.\" \/>\n<meta property=\"og:description\" content=\"KMU aufgepasst: Der EU-Omnibus-Rechtsakt bringt neue ESG-Pflichten \u00fcber die Lieferkette. Jetzt informieren und vorbereitet bleiben!\" \/>\n<meta property=\"og:url\" content=\"https:\/\/www.cofe.at\/index.php\/2025\/08\/26\/eu-omnibus-rechtsakt-darum-sind-auch-kmu-betroffen\/\" \/>\n<meta property=\"og:site_name\" content=\"CoFe e.U.\" \/>\n<meta property=\"article:published_time\" content=\"2025-08-26T05:30:39+00:00\" \/>\n<meta property=\"og:image\" content=\"https:\/\/www.cofe.at\/wp-content\/uploads\/OmnibusRechtsakt.png\" \/>\n\t<meta property=\"og:image:width\" content=\"1024\" \/>\n\t<meta property=\"og:image:height\" content=\"1024\" \/>\n\t<meta property=\"og:image:type\" content=\"image\/png\" \/>\n<meta name=\"author\" content=\"Andreas Felber\" \/>\n<meta name=\"twitter:card\" content=\"summary_large_image\" \/>\n<meta name=\"twitter:label1\" content=\"Verfasst von\" \/>\n\t<meta name=\"twitter:data1\" content=\"Andreas Felber\" \/>\n\t<meta name=\"twitter:label2\" content=\"Gesch\u00e4tzte Lesezeit\" \/>\n\t<meta name=\"twitter:data2\" content=\"2 Minuten\" \/>\n<script type=\"application\/ld+json\" class=\"yoast-schema-graph\">{\"@context\":\"https:\\\/\\\/schema.org\",\"@graph\":[{\"@type\":\"Article\",\"@id\":\"https:\\\/\\\/www.cofe.at\\\/index.php\\\/2025\\\/08\\\/26\\\/eu-omnibus-rechtsakt-darum-sind-auch-kmu-betroffen\\\/#article\",\"isPartOf\":{\"@id\":\"https:\\\/\\\/www.cofe.at\\\/index.php\\\/2025\\\/08\\\/26\\\/eu-omnibus-rechtsakt-darum-sind-auch-kmu-betroffen\\\/\"},\"author\":{\"name\":\"Andreas Felber\",\"@id\":\"https:\\\/\\\/www.cofe.at\\\/#\\\/schema\\\/person\\\/e9e522f2d19ee060032e9b16ad4cf892\"},\"headline\":\"EU-Omnibus-Rechtsakt: Darum sind auch KMU betroffen\",\"datePublished\":\"2025-08-26T05:30:39+00:00\",\"mainEntityOfPage\":{\"@id\":\"https:\\\/\\\/www.cofe.at\\\/index.php\\\/2025\\\/08\\\/26\\\/eu-omnibus-rechtsakt-darum-sind-auch-kmu-betroffen\\\/\"},\"wordCount\":330,\"publisher\":{\"@id\":\"https:\\\/\\\/www.cofe.at\\\/#organization\"},\"image\":{\"@id\":\"https:\\\/\\\/www.cofe.at\\\/index.php\\\/2025\\\/08\\\/26\\\/eu-omnibus-rechtsakt-darum-sind-auch-kmu-betroffen\\\/#primaryimage\"},\"thumbnailUrl\":\"https:\\\/\\\/www.cofe.at\\\/wp-content\\\/uploads\\\/OmnibusRechtsakt.png\",\"keywords\":[\"CSRD\",\"ESG\",\"Nachhaltigkeit\"],\"articleSection\":{\"1\":\"Managementsystem\"},\"inLanguage\":\"de-AT\"},{\"@type\":\"WebPage\",\"@id\":\"https:\\\/\\\/www.cofe.at\\\/index.php\\\/2025\\\/08\\\/26\\\/eu-omnibus-rechtsakt-darum-sind-auch-kmu-betroffen\\\/\",\"url\":\"https:\\\/\\\/www.cofe.at\\\/index.php\\\/2025\\\/08\\\/26\\\/eu-omnibus-rechtsakt-darum-sind-auch-kmu-betroffen\\\/\",\"name\":\"EU-Omnibus-Rechtsakt: Darum sind auch KMU betroffen - CoFe e.U.\",\"isPartOf\":{\"@id\":\"https:\\\/\\\/www.cofe.at\\\/#website\"},\"primaryImageOfPage\":{\"@id\":\"https:\\\/\\\/www.cofe.at\\\/index.php\\\/2025\\\/08\\\/26\\\/eu-omnibus-rechtsakt-darum-sind-auch-kmu-betroffen\\\/#primaryimage\"},\"image\":{\"@id\":\"https:\\\/\\\/www.cofe.at\\\/index.php\\\/2025\\\/08\\\/26\\\/eu-omnibus-rechtsakt-darum-sind-auch-kmu-betroffen\\\/#primaryimage\"},\"thumbnailUrl\":\"https:\\\/\\\/www.cofe.at\\\/wp-content\\\/uploads\\\/OmnibusRechtsakt.png\",\"datePublished\":\"2025-08-26T05:30:39+00:00\",\"description\":\"KMU aufgepasst: Der EU-Omnibus-Rechtsakt bringt neue ESG-Pflichten \u00fcber die Lieferkette. Jetzt informieren und vorbereitet bleiben!\",\"breadcrumb\":{\"@id\":\"https:\\\/\\\/www.cofe.at\\\/index.php\\\/2025\\\/08\\\/26\\\/eu-omnibus-rechtsakt-darum-sind-auch-kmu-betroffen\\\/#breadcrumb\"},\"inLanguage\":\"de-AT\",\"potentialAction\":[{\"@type\":\"ReadAction\",\"target\":[\"https:\\\/\\\/www.cofe.at\\\/index.php\\\/2025\\\/08\\\/26\\\/eu-omnibus-rechtsakt-darum-sind-auch-kmu-betroffen\\\/\"]}]},{\"@type\":\"ImageObject\",\"inLanguage\":\"de-AT\",\"@id\":\"https:\\\/\\\/www.cofe.at\\\/index.php\\\/2025\\\/08\\\/26\\\/eu-omnibus-rechtsakt-darum-sind-auch-kmu-betroffen\\\/#primaryimage\",\"url\":\"https:\\\/\\\/www.cofe.at\\\/wp-content\\\/uploads\\\/OmnibusRechtsakt.png\",\"contentUrl\":\"https:\\\/\\\/www.cofe.at\\\/wp-content\\\/uploads\\\/OmnibusRechtsakt.png\",\"width\":1024,\"height\":1024},{\"@type\":\"BreadcrumbList\",\"@id\":\"https:\\\/\\\/www.cofe.at\\\/index.php\\\/2025\\\/08\\\/26\\\/eu-omnibus-rechtsakt-darum-sind-auch-kmu-betroffen\\\/#breadcrumb\",\"itemListElement\":[{\"@type\":\"ListItem\",\"position\":1,\"name\":\"Startseite\",\"item\":\"https:\\\/\\\/www.cofe.at\\\/\"},{\"@type\":\"ListItem\",\"position\":2,\"name\":\"EU-Omnibus-Rechtsakt: Darum sind auch KMU betroffen\"}]},{\"@type\":\"WebSite\",\"@id\":\"https:\\\/\\\/www.cofe.at\\\/#website\",\"url\":\"https:\\\/\\\/www.cofe.at\\\/\",\"name\":\"CoFe e.U.\",\"description\":\"Consulting - Coaching - Computing\",\"publisher\":{\"@id\":\"https:\\\/\\\/www.cofe.at\\\/#organization\"},\"potentialAction\":[{\"@type\":\"SearchAction\",\"target\":{\"@type\":\"EntryPoint\",\"urlTemplate\":\"https:\\\/\\\/www.cofe.at\\\/?s={search_term_string}\"},\"query-input\":{\"@type\":\"PropertyValueSpecification\",\"valueRequired\":true,\"valueName\":\"search_term_string\"}}],\"inLanguage\":\"de-AT\"},{\"@type\":\"Organization\",\"@id\":\"https:\\\/\\\/www.cofe.at\\\/#organization\",\"name\":\"CoFe e.U.\",\"url\":\"https:\\\/\\\/www.cofe.at\\\/\",\"logo\":{\"@type\":\"ImageObject\",\"inLanguage\":\"de-AT\",\"@id\":\"https:\\\/\\\/www.cofe.at\\\/#\\\/schema\\\/logo\\\/image\\\/\",\"url\":\"https:\\\/\\\/www.cofe.at\\\/wp-content\\\/uploads\\\/2024\\\/11\\\/CoFe_Logo_ohneText_blau-bbfff2.svg\",\"contentUrl\":\"https:\\\/\\\/www.cofe.at\\\/wp-content\\\/uploads\\\/2024\\\/11\\\/CoFe_Logo_ohneText_blau-bbfff2.svg\",\"width\":100,\"height\":100,\"caption\":\"CoFe e.U.\"},\"image\":{\"@id\":\"https:\\\/\\\/www.cofe.at\\\/#\\\/schema\\\/logo\\\/image\\\/\"},\"sameAs\":[\"https:\\\/\\\/www.xing.com\\\/pages\\\/cofe-e-u\",\"https:\\\/\\\/www.linkedin.com\\\/company\\\/103912604\"]},{\"@type\":\"Person\",\"@id\":\"https:\\\/\\\/www.cofe.at\\\/#\\\/schema\\\/person\\\/e9e522f2d19ee060032e9b16ad4cf892\",\"name\":\"Andreas Felber\",\"image\":{\"@type\":\"ImageObject\",\"inLanguage\":\"de-AT\",\"@id\":\"https:\\\/\\\/secure.gravatar.com\\\/avatar\\\/8511c95ef6f7083cd0692a3c2beb320c914537f015f7ebfaadd709ccfc4ad0e2?s=96&d=mm&r=g\",\"url\":\"https:\\\/\\\/secure.gravatar.com\\\/avatar\\\/8511c95ef6f7083cd0692a3c2beb320c914537f015f7ebfaadd709ccfc4ad0e2?s=96&d=mm&r=g\",\"contentUrl\":\"https:\\\/\\\/secure.gravatar.com\\\/avatar\\\/8511c95ef6f7083cd0692a3c2beb320c914537f015f7ebfaadd709ccfc4ad0e2?s=96&d=mm&r=g\",\"caption\":\"Andreas Felber\"},\"sameAs\":[\"http:\\\/\\\/www.cofe.at\\\/consulting\"],\"url\":\"https:\\\/\\\/www.cofe.at\\\/index.php\\\/author\\\/felbera\\\/\"}]}<\/script>\n<!-- \/ Yoast SEO plugin. -->","yoast_head_json":{"title":"EU-Omnibus-Rechtsakt: Darum sind auch KMU betroffen - CoFe e.U.","description":"KMU aufgepasst: Der EU-Omnibus-Rechtsakt bringt neue ESG-Pflichten \u00fcber die Lieferkette. Jetzt informieren und vorbereitet bleiben!","robots":{"index":"index","follow":"follow","max-snippet":"max-snippet:-1","max-image-preview":"max-image-preview:large","max-video-preview":"max-video-preview:-1"},"canonical":"https:\/\/www.cofe.at\/index.php\/2025\/08\/26\/eu-omnibus-rechtsakt-darum-sind-auch-kmu-betroffen\/","og_locale":"de_DE","og_type":"article","og_title":"EU-Omnibus-Rechtsakt: Darum sind auch KMU betroffen - CoFe e.U.","og_description":"KMU aufgepasst: Der EU-Omnibus-Rechtsakt bringt neue ESG-Pflichten \u00fcber die Lieferkette. Jetzt informieren und vorbereitet bleiben!","og_url":"https:\/\/www.cofe.at\/index.php\/2025\/08\/26\/eu-omnibus-rechtsakt-darum-sind-auch-kmu-betroffen\/","og_site_name":"CoFe e.U.","article_published_time":"2025-08-26T05:30:39+00:00","og_image":[{"width":1024,"height":1024,"url":"https:\/\/www.cofe.at\/wp-content\/uploads\/OmnibusRechtsakt.png","type":"image\/png"}],"author":"Andreas Felber","twitter_card":"summary_large_image","twitter_misc":{"Verfasst von":"Andreas Felber","Gesch\u00e4tzte Lesezeit":"2 Minuten"},"schema":{"@context":"https:\/\/schema.org","@graph":[{"@type":"Article","@id":"https:\/\/www.cofe.at\/index.php\/2025\/08\/26\/eu-omnibus-rechtsakt-darum-sind-auch-kmu-betroffen\/#article","isPartOf":{"@id":"https:\/\/www.cofe.at\/index.php\/2025\/08\/26\/eu-omnibus-rechtsakt-darum-sind-auch-kmu-betroffen\/"},"author":{"name":"Andreas Felber","@id":"https:\/\/www.cofe.at\/#\/schema\/person\/e9e522f2d19ee060032e9b16ad4cf892"},"headline":"EU-Omnibus-Rechtsakt: Darum sind auch KMU betroffen","datePublished":"2025-08-26T05:30:39+00:00","mainEntityOfPage":{"@id":"https:\/\/www.cofe.at\/index.php\/2025\/08\/26\/eu-omnibus-rechtsakt-darum-sind-auch-kmu-betroffen\/"},"wordCount":330,"publisher":{"@id":"https:\/\/www.cofe.at\/#organization"},"image":{"@id":"https:\/\/www.cofe.at\/index.php\/2025\/08\/26\/eu-omnibus-rechtsakt-darum-sind-auch-kmu-betroffen\/#primaryimage"},"thumbnailUrl":"https:\/\/www.cofe.at\/wp-content\/uploads\/OmnibusRechtsakt.png","keywords":["CSRD","ESG","Nachhaltigkeit"],"articleSection":{"1":"Managementsystem"},"inLanguage":"de-AT"},{"@type":"WebPage","@id":"https:\/\/www.cofe.at\/index.php\/2025\/08\/26\/eu-omnibus-rechtsakt-darum-sind-auch-kmu-betroffen\/","url":"https:\/\/www.cofe.at\/index.php\/2025\/08\/26\/eu-omnibus-rechtsakt-darum-sind-auch-kmu-betroffen\/","name":"EU-Omnibus-Rechtsakt: Darum sind auch KMU betroffen - CoFe e.U.","isPartOf":{"@id":"https:\/\/www.cofe.at\/#website"},"primaryImageOfPage":{"@id":"https:\/\/www.cofe.at\/index.php\/2025\/08\/26\/eu-omnibus-rechtsakt-darum-sind-auch-kmu-betroffen\/#primaryimage"},"image":{"@id":"https:\/\/www.cofe.at\/index.php\/2025\/08\/26\/eu-omnibus-rechtsakt-darum-sind-auch-kmu-betroffen\/#primaryimage"},"thumbnailUrl":"https:\/\/www.cofe.at\/wp-content\/uploads\/OmnibusRechtsakt.png","datePublished":"2025-08-26T05:30:39+00:00","description":"KMU aufgepasst: Der EU-Omnibus-Rechtsakt bringt neue ESG-Pflichten \u00fcber die Lieferkette. Jetzt informieren und vorbereitet bleiben!","breadcrumb":{"@id":"https:\/\/www.cofe.at\/index.php\/2025\/08\/26\/eu-omnibus-rechtsakt-darum-sind-auch-kmu-betroffen\/#breadcrumb"},"inLanguage":"de-AT","potentialAction":[{"@type":"ReadAction","target":["https:\/\/www.cofe.at\/index.php\/2025\/08\/26\/eu-omnibus-rechtsakt-darum-sind-auch-kmu-betroffen\/"]}]},{"@type":"ImageObject","inLanguage":"de-AT","@id":"https:\/\/www.cofe.at\/index.php\/2025\/08\/26\/eu-omnibus-rechtsakt-darum-sind-auch-kmu-betroffen\/#primaryimage","url":"https:\/\/www.cofe.at\/wp-content\/uploads\/OmnibusRechtsakt.png","contentUrl":"https:\/\/www.cofe.at\/wp-content\/uploads\/OmnibusRechtsakt.png","width":1024,"height":1024},{"@type":"BreadcrumbList","@id":"https:\/\/www.cofe.at\/index.php\/2025\/08\/26\/eu-omnibus-rechtsakt-darum-sind-auch-kmu-betroffen\/#breadcrumb","itemListElement":[{"@type":"ListItem","position":1,"name":"Startseite","item":"https:\/\/www.cofe.at\/"},{"@type":"ListItem","position":2,"name":"EU-Omnibus-Rechtsakt: Darum sind auch KMU betroffen"}]},{"@type":"WebSite","@id":"https:\/\/www.cofe.at\/#website","url":"https:\/\/www.cofe.at\/","name":"CoFe e.U.","description":"Consulting - Coaching - Computing","publisher":{"@id":"https:\/\/www.cofe.at\/#organization"},"potentialAction":[{"@type":"SearchAction","target":{"@type":"EntryPoint","urlTemplate":"https:\/\/www.cofe.at\/?s={search_term_string}"},"query-input":{"@type":"PropertyValueSpecification","valueRequired":true,"valueName":"search_term_string"}}],"inLanguage":"de-AT"},{"@type":"Organization","@id":"https:\/\/www.cofe.at\/#organization","name":"CoFe e.U.","url":"https:\/\/www.cofe.at\/","logo":{"@type":"ImageObject","inLanguage":"de-AT","@id":"https:\/\/www.cofe.at\/#\/schema\/logo\/image\/","url":"https:\/\/www.cofe.at\/wp-content\/uploads\/2024\/11\/CoFe_Logo_ohneText_blau-bbfff2.svg","contentUrl":"https:\/\/www.cofe.at\/wp-content\/uploads\/2024\/11\/CoFe_Logo_ohneText_blau-bbfff2.svg","width":100,"height":100,"caption":"CoFe e.U."},"image":{"@id":"https:\/\/www.cofe.at\/#\/schema\/logo\/image\/"},"sameAs":["https:\/\/www.xing.com\/pages\/cofe-e-u","https:\/\/www.linkedin.com\/company\/103912604"]},{"@type":"Person","@id":"https:\/\/www.cofe.at\/#\/schema\/person\/e9e522f2d19ee060032e9b16ad4cf892","name":"Andreas Felber","image":{"@type":"ImageObject","inLanguage":"de-AT","@id":"https:\/\/secure.gravatar.com\/avatar\/8511c95ef6f7083cd0692a3c2beb320c914537f015f7ebfaadd709ccfc4ad0e2?s=96&d=mm&r=g","url":"https:\/\/secure.gravatar.com\/avatar\/8511c95ef6f7083cd0692a3c2beb320c914537f015f7ebfaadd709ccfc4ad0e2?s=96&d=mm&r=g","contentUrl":"https:\/\/secure.gravatar.com\/avatar\/8511c95ef6f7083cd0692a3c2beb320c914537f015f7ebfaadd709ccfc4ad0e2?s=96&d=mm&r=g","caption":"Andreas Felber"},"sameAs":["http:\/\/www.cofe.at\/consulting"],"url":"https:\/\/www.cofe.at\/index.php\/author\/felbera\/"}]}},"_links":{"self":[{"href":"https:\/\/www.cofe.at\/index.php\/wp-json\/wp\/v2\/posts\/2403","targetHints":{"allow":["GET"]}}],"collection":[{"href":"https:\/\/www.cofe.at\/index.php\/wp-json\/wp\/v2\/posts"}],"about":[{"href":"https:\/\/www.cofe.at\/index.php\/wp-json\/wp\/v2\/types\/post"}],"author":[{"embeddable":true,"href":"https:\/\/www.cofe.at\/index.php\/wp-json\/wp\/v2\/users\/1"}],"replies":[{"embeddable":true,"href":"https:\/\/www.cofe.at\/index.php\/wp-json\/wp\/v2\/comments?post=2403"}],"version-history":[{"count":5,"href":"https:\/\/www.cofe.at\/index.php\/wp-json\/wp\/v2\/posts\/2403\/revisions"}],"predecessor-version":[{"id":2452,"href":"https:\/\/www.cofe.at\/index.php\/wp-json\/wp\/v2\/posts\/2403\/revisions\/2452"}],"wp:featuredmedia":[{"embeddable":true,"href":"https:\/\/www.cofe.at\/index.php\/wp-json\/wp\/v2\/media\/2404"}],"wp:attachment":[{"href":"https:\/\/www.cofe.at\/index.php\/wp-json\/wp\/v2\/media?parent=2403"}],"wp:term":[{"taxonomy":"category","embeddable":true,"href":"https:\/\/www.cofe.at\/index.php\/wp-json\/wp\/v2\/categories?post=2403"},{"taxonomy":"post_tag","embeddable":true,"href":"https:\/\/www.cofe.at\/index.php\/wp-json\/wp\/v2\/tags?post=2403"}],"curies":[{"name":"wp","href":"https:\/\/api.w.org\/{rel}","templated":true}]}}