{"id":2458,"date":"2025-09-01T13:09:00","date_gmt":"2025-09-01T11:09:00","guid":{"rendered":"https:\/\/www.cofe.at\/?p=2458"},"modified":"2025-09-02T14:36:01","modified_gmt":"2025-09-02T12:36:01","slug":"wir-als-vortragende-bei-der-akademie-fuer-nachhaltigkeit","status":"publish","type":"post","link":"https:\/\/www.cofe.at\/index.php\/2025\/09\/01\/wir-als-vortragende-bei-der-akademie-fuer-nachhaltigkeit\/","title":{"rendered":"Wir als Vortragende bei der Akademie f\u00fcr Nachhaltigkeit"},"content":{"rendered":"\n<p>Nachhaltigkeit ist l\u00e4ngst kein Zukunftsthema mehr \u2013 sie entscheidet heute \u00fcber Wettbewerbsf\u00e4higkeit, Glaubw\u00fcrdigkeit und langfristigen Erfolg. Immer mehr Unternehmen stehen vor der Herausforderung, gesetzliche Vorgaben zu erf\u00fcllen und gleichzeitig ihre Verantwortung f\u00fcr Umwelt und Gesellschaft wahrzunehmen.<\/p>\n\n\n\n<!--more-->\n\n\n\n<p>Genau hier setzt die <strong>Akademie f\u00fcr Nachhaltigkeit<\/strong> an \u2013 und wir freuen uns sehr, als Transformationsbegleiter mit drei praxisnahen Workshops dazu beizutragen, diesen Weg gemeinsam zu gestalten:<\/p>\n\n\n\n<ul class=\"wp-block-list\">\n<li><strong><a href=\"https:\/\/akademie-nachhaltigkeit.com\/events-archive\/nachhaltige-datenerfassung-in-unternehmen\/\" target=\"_blank\" rel=\"noreferrer noopener\">Nachhaltige Datenerfassung in Unternehmen<\/a><\/strong><br>Wie lassen sich Berichtspflichten effizient umsetzen? Sie erhalten Methoden und Werkzeuge, um Nachhaltigkeitsdaten strukturiert, gesetzeskonform und zukunftsorientiert zu erfassen.<br><\/li>\n\n\n\n<li><strong><a href=\"https:\/\/akademie-nachhaltigkeit.com\/events-archive\/80-20-nachhaltigkeit-kleine-schritte-fuer-sie-mit-grosser-wirkung\/\" target=\"_blank\" rel=\"noreferrer noopener\">80-20 Nachhaltigkeit \u2013 kleine Schritte mit gro\u00dfer Wirkung<\/a><\/strong><br>Oft braucht es keine gro\u00dfen Umbr\u00fcche \u2013 schon kleine, gezielte Ma\u00dfnahmen entfalten sp\u00fcrbare Wirkung. Dieses Seminar zeigt Ihnen einfache Zug\u00e4nge zur Nachhaltigkeit mit direktem Mehrwert f\u00fcr Ihr Unternehmen.<br><\/li>\n\n\n\n<li><strong><a href=\"https:\/\/akademie-nachhaltigkeit.com\/events-archive\/nachhaltigkeit-vom-verzicht-zum-mehrwert\/\" target=\"_blank\" rel=\"noreferrer noopener\">Nachhaltigkeit \u2013 vom Verzicht zum Mehrwert<\/a><\/strong><br>Nachhaltigkeit ist mehr als Reduktion \u2013 sie er\u00f6ffnet Chancen. Gemeinsam erarbeiten wir Ans\u00e4tze, wie Sie aus vermeintlichem Verzicht echten Mehrwert schaffen k\u00f6nnen.<br><\/li>\n<\/ul>\n\n\n\n<p><strong>Ihr Gewinn<\/strong><\/p>\n\n\n\n<ul class=\"wp-block-list\">\n<li>Sicherheit im Umgang mit gesetzlichen Anforderungen (z. B. CSRD)<\/li>\n\n\n\n<li>konkrete Werkzeuge f\u00fcr die t\u00e4gliche Praxis<\/li>\n\n\n\n<li>Motivation f\u00fcr nachhaltiges Handeln \u2013 im Unternehmen und dar\u00fcber hinaus<\/li>\n<\/ul>\n\n\n\n<p>Wir laden Sie herzlich ein, gemeinsam mit uns den n\u00e4chsten Schritt in Richtung Nachhaltigkeit zu gehen.<br><strong>Nutzen Sie auch die Gelegenheit, uns als Referenz bei der Anmeldung zu nennen.<\/strong><br><a href=\"https:\/\/akademie-nachhaltigkeit.com\/#kontakt\" target=\"_blank\" rel=\"noreferrer noopener\">Die Seminare sind individuell nach Terminvereinbarung buchbar.<\/a><br>\ud83d\udc49 <a href=\"mailto:info@akademie-nachhaltigkeit.com\">info@akademie-nachhaltigkeit.com<\/a> | 0664\/8182825<\/p>\n\n\n\n<p><\/p>\n","protected":false},"excerpt":{"rendered":"<p>Nachhaltigkeit ist l\u00e4ngst kein Zukunftsthema mehr \u2013 sie entscheidet heute \u00fcber Wettbewerbsf\u00e4higkeit, Glaubw\u00fcrdigkeit und langfristigen Erfolg. Immer mehr Unternehmen stehen vor der Herausforderung, gesetzliche Vorgaben zu erf\u00fcllen und gleichzeitig ihre Verantwortung f\u00fcr Umwelt und Gesellschaft wahrzunehmen.<\/p>\n","protected":false},"author":2,"featured_media":2228,"comment_status":"closed","ping_status":"open","sticky":false,"template":"","format":"standard","meta":{"_eb_attr":"","_themeisle_gutenberg_block_has_review":false,"footnotes":""},"categories":[22,53],"tags":[165,29,35,52,166,90],"class_list":["post-2458","post","type-post","status-publish","format-standard","has-post-thumbnail","hentry","category-klimaschutz","category-nachhaltigkeit","tag-akademie-fuer-nachhaltigkeit","tag-coaching","tag-klimaschutz","tag-nachhaltigkeit","tag-training","tag-workshop"],"yoast_head":"<!-- This site is optimized with the Yoast SEO plugin v27.5 - https:\/\/yoast.com\/product\/yoast-seo-wordpress\/ -->\n<title>Wir als Vortragende bei der Akademie f\u00fcr Nachhaltigkeit - CoFe e.U.<\/title>\n<meta name=\"description\" content=\"Praxisnahe Workshops zu Nachhaltigkeit: Datenerfassung, 80-20-Ansatz &amp; Mehrwert. Erf\u00fcllen Sie Vorgaben &amp; steigern Sie Ihren Unternehmenserfolg.\" \/>\n<meta name=\"robots\" content=\"index, follow, max-snippet:-1, max-image-preview:large, max-video-preview:-1\" \/>\n<link rel=\"canonical\" href=\"https:\/\/www.cofe.at\/index.php\/2025\/09\/01\/wir-als-vortragende-bei-der-akademie-fuer-nachhaltigkeit\/\" \/>\n<meta property=\"og:locale\" content=\"de_DE\" \/>\n<meta property=\"og:type\" content=\"article\" \/>\n<meta property=\"og:title\" content=\"Wir als Vortragende bei der Akademie f\u00fcr Nachhaltigkeit - CoFe e.U.\" \/>\n<meta property=\"og:description\" content=\"Praxisnahe Workshops zu Nachhaltigkeit: Datenerfassung, 80-20-Ansatz &amp; Mehrwert. Erf\u00fcllen Sie Vorgaben &amp; steigern Sie Ihren Unternehmenserfolg.\" \/>\n<meta property=\"og:url\" content=\"https:\/\/www.cofe.at\/index.php\/2025\/09\/01\/wir-als-vortragende-bei-der-akademie-fuer-nachhaltigkeit\/\" \/>\n<meta property=\"og:site_name\" content=\"CoFe e.U.\" \/>\n<meta property=\"article:published_time\" content=\"2025-09-01T11:09:00+00:00\" \/>\n<meta property=\"article:modified_time\" content=\"2025-09-02T12:36:01+00:00\" \/>\n<meta property=\"og:image\" content=\"https:\/\/www.cofe.at\/wp-content\/uploads\/Logo_AFN.png\" \/>\n\t<meta property=\"og:image:width\" content=\"709\" \/>\n\t<meta property=\"og:image:height\" content=\"591\" \/>\n\t<meta property=\"og:image:type\" content=\"image\/png\" \/>\n<meta name=\"author\" content=\"Brigitte Felber\" \/>\n<meta name=\"twitter:card\" content=\"summary_large_image\" \/>\n<meta name=\"twitter:label1\" content=\"Verfasst von\" \/>\n\t<meta name=\"twitter:data1\" content=\"Brigitte Felber\" \/>\n\t<meta name=\"twitter:label2\" content=\"Gesch\u00e4tzte Lesezeit\" \/>\n\t<meta name=\"twitter:data2\" content=\"2 Minuten\" \/>\n<script type=\"application\/ld+json\" class=\"yoast-schema-graph\">{\"@context\":\"https:\\\/\\\/schema.org\",\"@graph\":[{\"@type\":\"Article\",\"@id\":\"https:\\\/\\\/www.cofe.at\\\/index.php\\\/2025\\\/09\\\/01\\\/wir-als-vortragende-bei-der-akademie-fuer-nachhaltigkeit\\\/#article\",\"isPartOf\":{\"@id\":\"https:\\\/\\\/www.cofe.at\\\/index.php\\\/2025\\\/09\\\/01\\\/wir-als-vortragende-bei-der-akademie-fuer-nachhaltigkeit\\\/\"},\"author\":{\"name\":\"Brigitte Felber\",\"@id\":\"https:\\\/\\\/www.cofe.at\\\/#\\\/schema\\\/person\\\/60741dd265c56df6fff20f3b83a9990f\"},\"headline\":\"Wir als Vortragende bei der Akademie f\u00fcr Nachhaltigkeit\",\"datePublished\":\"2025-09-01T11:09:00+00:00\",\"dateModified\":\"2025-09-02T12:36:01+00:00\",\"mainEntityOfPage\":{\"@id\":\"https:\\\/\\\/www.cofe.at\\\/index.php\\\/2025\\\/09\\\/01\\\/wir-als-vortragende-bei-der-akademie-fuer-nachhaltigkeit\\\/\"},\"wordCount\":239,\"publisher\":{\"@id\":\"https:\\\/\\\/www.cofe.at\\\/#organization\"},\"image\":{\"@id\":\"https:\\\/\\\/www.cofe.at\\\/index.php\\\/2025\\\/09\\\/01\\\/wir-als-vortragende-bei-der-akademie-fuer-nachhaltigkeit\\\/#primaryimage\"},\"thumbnailUrl\":\"https:\\\/\\\/www.cofe.at\\\/wp-content\\\/uploads\\\/Logo_AFN.png\",\"keywords\":[\"Akademie f\u00fcr Nachhaltigkeit\",\"Coaching\",\"Klimaschutz\",\"Nachhaltigkeit\",\"Training\",\"Workshop\"],\"articleSection\":[\"Klimaschutz\",\"Nachhaltigkeit\"],\"inLanguage\":\"de-AT\"},{\"@type\":\"WebPage\",\"@id\":\"https:\\\/\\\/www.cofe.at\\\/index.php\\\/2025\\\/09\\\/01\\\/wir-als-vortragende-bei-der-akademie-fuer-nachhaltigkeit\\\/\",\"url\":\"https:\\\/\\\/www.cofe.at\\\/index.php\\\/2025\\\/09\\\/01\\\/wir-als-vortragende-bei-der-akademie-fuer-nachhaltigkeit\\\/\",\"name\":\"Wir als Vortragende bei der Akademie f\u00fcr Nachhaltigkeit - CoFe e.U.\",\"isPartOf\":{\"@id\":\"https:\\\/\\\/www.cofe.at\\\/#website\"},\"primaryImageOfPage\":{\"@id\":\"https:\\\/\\\/www.cofe.at\\\/index.php\\\/2025\\\/09\\\/01\\\/wir-als-vortragende-bei-der-akademie-fuer-nachhaltigkeit\\\/#primaryimage\"},\"image\":{\"@id\":\"https:\\\/\\\/www.cofe.at\\\/index.php\\\/2025\\\/09\\\/01\\\/wir-als-vortragende-bei-der-akademie-fuer-nachhaltigkeit\\\/#primaryimage\"},\"thumbnailUrl\":\"https:\\\/\\\/www.cofe.at\\\/wp-content\\\/uploads\\\/Logo_AFN.png\",\"datePublished\":\"2025-09-01T11:09:00+00:00\",\"dateModified\":\"2025-09-02T12:36:01+00:00\",\"description\":\"Praxisnahe Workshops zu Nachhaltigkeit: Datenerfassung, 80-20-Ansatz & Mehrwert. Erf\u00fcllen Sie Vorgaben & steigern Sie Ihren Unternehmenserfolg.\",\"breadcrumb\":{\"@id\":\"https:\\\/\\\/www.cofe.at\\\/index.php\\\/2025\\\/09\\\/01\\\/wir-als-vortragende-bei-der-akademie-fuer-nachhaltigkeit\\\/#breadcrumb\"},\"inLanguage\":\"de-AT\",\"potentialAction\":[{\"@type\":\"ReadAction\",\"target\":[\"https:\\\/\\\/www.cofe.at\\\/index.php\\\/2025\\\/09\\\/01\\\/wir-als-vortragende-bei-der-akademie-fuer-nachhaltigkeit\\\/\"]}]},{\"@type\":\"ImageObject\",\"inLanguage\":\"de-AT\",\"@id\":\"https:\\\/\\\/www.cofe.at\\\/index.php\\\/2025\\\/09\\\/01\\\/wir-als-vortragende-bei-der-akademie-fuer-nachhaltigkeit\\\/#primaryimage\",\"url\":\"https:\\\/\\\/www.cofe.at\\\/wp-content\\\/uploads\\\/Logo_AFN.png\",\"contentUrl\":\"https:\\\/\\\/www.cofe.at\\\/wp-content\\\/uploads\\\/Logo_AFN.png\",\"width\":709,\"height\":591},{\"@type\":\"BreadcrumbList\",\"@id\":\"https:\\\/\\\/www.cofe.at\\\/index.php\\\/2025\\\/09\\\/01\\\/wir-als-vortragende-bei-der-akademie-fuer-nachhaltigkeit\\\/#breadcrumb\",\"itemListElement\":[{\"@type\":\"ListItem\",\"position\":1,\"name\":\"Startseite\",\"item\":\"https:\\\/\\\/www.cofe.at\\\/\"},{\"@type\":\"ListItem\",\"position\":2,\"name\":\"Wir als Vortragende bei der Akademie f\u00fcr Nachhaltigkeit\"}]},{\"@type\":\"WebSite\",\"@id\":\"https:\\\/\\\/www.cofe.at\\\/#website\",\"url\":\"https:\\\/\\\/www.cofe.at\\\/\",\"name\":\"CoFe e.U.\",\"description\":\"Consulting - Coaching - Computing\",\"publisher\":{\"@id\":\"https:\\\/\\\/www.cofe.at\\\/#organization\"},\"potentialAction\":[{\"@type\":\"SearchAction\",\"target\":{\"@type\":\"EntryPoint\",\"urlTemplate\":\"https:\\\/\\\/www.cofe.at\\\/?s={search_term_string}\"},\"query-input\":{\"@type\":\"PropertyValueSpecification\",\"valueRequired\":true,\"valueName\":\"search_term_string\"}}],\"inLanguage\":\"de-AT\"},{\"@type\":\"Organization\",\"@id\":\"https:\\\/\\\/www.cofe.at\\\/#organization\",\"name\":\"CoFe e.U.\",\"url\":\"https:\\\/\\\/www.cofe.at\\\/\",\"logo\":{\"@type\":\"ImageObject\",\"inLanguage\":\"de-AT\",\"@id\":\"https:\\\/\\\/www.cofe.at\\\/#\\\/schema\\\/logo\\\/image\\\/\",\"url\":\"https:\\\/\\\/www.cofe.at\\\/wp-content\\\/uploads\\\/2024\\\/11\\\/CoFe_Logo_ohneText_blau-bbfff2.svg\",\"contentUrl\":\"https:\\\/\\\/www.cofe.at\\\/wp-content\\\/uploads\\\/2024\\\/11\\\/CoFe_Logo_ohneText_blau-bbfff2.svg\",\"width\":100,\"height\":100,\"caption\":\"CoFe e.U.\"},\"image\":{\"@id\":\"https:\\\/\\\/www.cofe.at\\\/#\\\/schema\\\/logo\\\/image\\\/\"},\"sameAs\":[\"https:\\\/\\\/www.xing.com\\\/pages\\\/cofe-e-u\",\"https:\\\/\\\/www.linkedin.com\\\/company\\\/103912604\"]},{\"@type\":\"Person\",\"@id\":\"https:\\\/\\\/www.cofe.at\\\/#\\\/schema\\\/person\\\/60741dd265c56df6fff20f3b83a9990f\",\"name\":\"Brigitte Felber\",\"image\":{\"@type\":\"ImageObject\",\"inLanguage\":\"de-AT\",\"@id\":\"https:\\\/\\\/secure.gravatar.com\\\/avatar\\\/20e23c7e601864b5cb14837e6bd66b94c77b75f3ed502ba28edfd431c323246c?s=96&d=mm&r=g\",\"url\":\"https:\\\/\\\/secure.gravatar.com\\\/avatar\\\/20e23c7e601864b5cb14837e6bd66b94c77b75f3ed502ba28edfd431c323246c?s=96&d=mm&r=g\",\"contentUrl\":\"https:\\\/\\\/secure.gravatar.com\\\/avatar\\\/20e23c7e601864b5cb14837e6bd66b94c77b75f3ed502ba28edfd431c323246c?s=96&d=mm&r=g\",\"caption\":\"Brigitte Felber\"},\"url\":\"https:\\\/\\\/www.cofe.at\\\/index.php\\\/author\\\/felberb\\\/\"}]}<\/script>\n<!-- \/ Yoast SEO plugin. -->","yoast_head_json":{"title":"Wir als Vortragende bei der Akademie f\u00fcr Nachhaltigkeit - CoFe e.U.","description":"Praxisnahe Workshops zu Nachhaltigkeit: Datenerfassung, 80-20-Ansatz & Mehrwert. Erf\u00fcllen Sie Vorgaben & steigern Sie Ihren Unternehmenserfolg.","robots":{"index":"index","follow":"follow","max-snippet":"max-snippet:-1","max-image-preview":"max-image-preview:large","max-video-preview":"max-video-preview:-1"},"canonical":"https:\/\/www.cofe.at\/index.php\/2025\/09\/01\/wir-als-vortragende-bei-der-akademie-fuer-nachhaltigkeit\/","og_locale":"de_DE","og_type":"article","og_title":"Wir als Vortragende bei der Akademie f\u00fcr Nachhaltigkeit - CoFe e.U.","og_description":"Praxisnahe Workshops zu Nachhaltigkeit: Datenerfassung, 80-20-Ansatz & Mehrwert. Erf\u00fcllen Sie Vorgaben & steigern Sie Ihren Unternehmenserfolg.","og_url":"https:\/\/www.cofe.at\/index.php\/2025\/09\/01\/wir-als-vortragende-bei-der-akademie-fuer-nachhaltigkeit\/","og_site_name":"CoFe e.U.","article_published_time":"2025-09-01T11:09:00+00:00","article_modified_time":"2025-09-02T12:36:01+00:00","og_image":[{"width":709,"height":591,"url":"https:\/\/www.cofe.at\/wp-content\/uploads\/Logo_AFN.png","type":"image\/png"}],"author":"Brigitte Felber","twitter_card":"summary_large_image","twitter_misc":{"Verfasst von":"Brigitte Felber","Gesch\u00e4tzte Lesezeit":"2 Minuten"},"schema":{"@context":"https:\/\/schema.org","@graph":[{"@type":"Article","@id":"https:\/\/www.cofe.at\/index.php\/2025\/09\/01\/wir-als-vortragende-bei-der-akademie-fuer-nachhaltigkeit\/#article","isPartOf":{"@id":"https:\/\/www.cofe.at\/index.php\/2025\/09\/01\/wir-als-vortragende-bei-der-akademie-fuer-nachhaltigkeit\/"},"author":{"name":"Brigitte Felber","@id":"https:\/\/www.cofe.at\/#\/schema\/person\/60741dd265c56df6fff20f3b83a9990f"},"headline":"Wir als Vortragende bei der Akademie f\u00fcr Nachhaltigkeit","datePublished":"2025-09-01T11:09:00+00:00","dateModified":"2025-09-02T12:36:01+00:00","mainEntityOfPage":{"@id":"https:\/\/www.cofe.at\/index.php\/2025\/09\/01\/wir-als-vortragende-bei-der-akademie-fuer-nachhaltigkeit\/"},"wordCount":239,"publisher":{"@id":"https:\/\/www.cofe.at\/#organization"},"image":{"@id":"https:\/\/www.cofe.at\/index.php\/2025\/09\/01\/wir-als-vortragende-bei-der-akademie-fuer-nachhaltigkeit\/#primaryimage"},"thumbnailUrl":"https:\/\/www.cofe.at\/wp-content\/uploads\/Logo_AFN.png","keywords":["Akademie f\u00fcr Nachhaltigkeit","Coaching","Klimaschutz","Nachhaltigkeit","Training","Workshop"],"articleSection":["Klimaschutz","Nachhaltigkeit"],"inLanguage":"de-AT"},{"@type":"WebPage","@id":"https:\/\/www.cofe.at\/index.php\/2025\/09\/01\/wir-als-vortragende-bei-der-akademie-fuer-nachhaltigkeit\/","url":"https:\/\/www.cofe.at\/index.php\/2025\/09\/01\/wir-als-vortragende-bei-der-akademie-fuer-nachhaltigkeit\/","name":"Wir als Vortragende bei der Akademie f\u00fcr Nachhaltigkeit - CoFe e.U.","isPartOf":{"@id":"https:\/\/www.cofe.at\/#website"},"primaryImageOfPage":{"@id":"https:\/\/www.cofe.at\/index.php\/2025\/09\/01\/wir-als-vortragende-bei-der-akademie-fuer-nachhaltigkeit\/#primaryimage"},"image":{"@id":"https:\/\/www.cofe.at\/index.php\/2025\/09\/01\/wir-als-vortragende-bei-der-akademie-fuer-nachhaltigkeit\/#primaryimage"},"thumbnailUrl":"https:\/\/www.cofe.at\/wp-content\/uploads\/Logo_AFN.png","datePublished":"2025-09-01T11:09:00+00:00","dateModified":"2025-09-02T12:36:01+00:00","description":"Praxisnahe Workshops zu Nachhaltigkeit: Datenerfassung, 80-20-Ansatz & Mehrwert. Erf\u00fcllen Sie Vorgaben & steigern Sie Ihren Unternehmenserfolg.","breadcrumb":{"@id":"https:\/\/www.cofe.at\/index.php\/2025\/09\/01\/wir-als-vortragende-bei-der-akademie-fuer-nachhaltigkeit\/#breadcrumb"},"inLanguage":"de-AT","potentialAction":[{"@type":"ReadAction","target":["https:\/\/www.cofe.at\/index.php\/2025\/09\/01\/wir-als-vortragende-bei-der-akademie-fuer-nachhaltigkeit\/"]}]},{"@type":"ImageObject","inLanguage":"de-AT","@id":"https:\/\/www.cofe.at\/index.php\/2025\/09\/01\/wir-als-vortragende-bei-der-akademie-fuer-nachhaltigkeit\/#primaryimage","url":"https:\/\/www.cofe.at\/wp-content\/uploads\/Logo_AFN.png","contentUrl":"https:\/\/www.cofe.at\/wp-content\/uploads\/Logo_AFN.png","width":709,"height":591},{"@type":"BreadcrumbList","@id":"https:\/\/www.cofe.at\/index.php\/2025\/09\/01\/wir-als-vortragende-bei-der-akademie-fuer-nachhaltigkeit\/#breadcrumb","itemListElement":[{"@type":"ListItem","position":1,"name":"Startseite","item":"https:\/\/www.cofe.at\/"},{"@type":"ListItem","position":2,"name":"Wir als Vortragende bei der Akademie f\u00fcr Nachhaltigkeit"}]},{"@type":"WebSite","@id":"https:\/\/www.cofe.at\/#website","url":"https:\/\/www.cofe.at\/","name":"CoFe e.U.","description":"Consulting - Coaching - Computing","publisher":{"@id":"https:\/\/www.cofe.at\/#organization"},"potentialAction":[{"@type":"SearchAction","target":{"@type":"EntryPoint","urlTemplate":"https:\/\/www.cofe.at\/?s={search_term_string}"},"query-input":{"@type":"PropertyValueSpecification","valueRequired":true,"valueName":"search_term_string"}}],"inLanguage":"de-AT"},{"@type":"Organization","@id":"https:\/\/www.cofe.at\/#organization","name":"CoFe e.U.","url":"https:\/\/www.cofe.at\/","logo":{"@type":"ImageObject","inLanguage":"de-AT","@id":"https:\/\/www.cofe.at\/#\/schema\/logo\/image\/","url":"https:\/\/www.cofe.at\/wp-content\/uploads\/2024\/11\/CoFe_Logo_ohneText_blau-bbfff2.svg","contentUrl":"https:\/\/www.cofe.at\/wp-content\/uploads\/2024\/11\/CoFe_Logo_ohneText_blau-bbfff2.svg","width":100,"height":100,"caption":"CoFe e.U."},"image":{"@id":"https:\/\/www.cofe.at\/#\/schema\/logo\/image\/"},"sameAs":["https:\/\/www.xing.com\/pages\/cofe-e-u","https:\/\/www.linkedin.com\/company\/103912604"]},{"@type":"Person","@id":"https:\/\/www.cofe.at\/#\/schema\/person\/60741dd265c56df6fff20f3b83a9990f","name":"Brigitte Felber","image":{"@type":"ImageObject","inLanguage":"de-AT","@id":"https:\/\/secure.gravatar.com\/avatar\/20e23c7e601864b5cb14837e6bd66b94c77b75f3ed502ba28edfd431c323246c?s=96&d=mm&r=g","url":"https:\/\/secure.gravatar.com\/avatar\/20e23c7e601864b5cb14837e6bd66b94c77b75f3ed502ba28edfd431c323246c?s=96&d=mm&r=g","contentUrl":"https:\/\/secure.gravatar.com\/avatar\/20e23c7e601864b5cb14837e6bd66b94c77b75f3ed502ba28edfd431c323246c?s=96&d=mm&r=g","caption":"Brigitte Felber"},"url":"https:\/\/www.cofe.at\/index.php\/author\/felberb\/"}]}},"_links":{"self":[{"href":"https:\/\/www.cofe.at\/index.php\/wp-json\/wp\/v2\/posts\/2458","targetHints":{"allow":["GET"]}}],"collection":[{"href":"https:\/\/www.cofe.at\/index.php\/wp-json\/wp\/v2\/posts"}],"about":[{"href":"https:\/\/www.cofe.at\/index.php\/wp-json\/wp\/v2\/types\/post"}],"author":[{"embeddable":true,"href":"https:\/\/www.cofe.at\/index.php\/wp-json\/wp\/v2\/users\/2"}],"replies":[{"embeddable":true,"href":"https:\/\/www.cofe.at\/index.php\/wp-json\/wp\/v2\/comments?post=2458"}],"version-history":[{"count":1,"href":"https:\/\/www.cofe.at\/index.php\/wp-json\/wp\/v2\/posts\/2458\/revisions"}],"predecessor-version":[{"id":2459,"href":"https:\/\/www.cofe.at\/index.php\/wp-json\/wp\/v2\/posts\/2458\/revisions\/2459"}],"wp:featuredmedia":[{"embeddable":true,"href":"https:\/\/www.cofe.at\/index.php\/wp-json\/wp\/v2\/media\/2228"}],"wp:attachment":[{"href":"https:\/\/www.cofe.at\/index.php\/wp-json\/wp\/v2\/media?parent=2458"}],"wp:term":[{"taxonomy":"category","embeddable":true,"href":"https:\/\/www.cofe.at\/index.php\/wp-json\/wp\/v2\/categories?post=2458"},{"taxonomy":"post_tag","embeddable":true,"href":"https:\/\/www.cofe.at\/index.php\/wp-json\/wp\/v2\/tags?post=2458"}],"curies":[{"name":"wp","href":"https:\/\/api.w.org\/{rel}","templated":true}]}}