{"id":2520,"date":"2025-10-28T07:30:00","date_gmt":"2025-10-28T06:30:00","guid":{"rendered":"https:\/\/www.cofe.at\/?p=2520"},"modified":"2025-10-20T16:43:02","modified_gmt":"2025-10-20T14:43:02","slug":"thg-bilanzierung-fuer-unternehmen-jetzt-ist-die-zeit-zu-starten","status":"publish","type":"post","link":"https:\/\/www.cofe.at\/index.php\/2025\/10\/28\/thg-bilanzierung-fuer-unternehmen-jetzt-ist-die-zeit-zu-starten\/","title":{"rendered":"&#8222;Stop-the-Clock&#8220; als Chance: Warum Unternehmen jetzt mit der THG-Bilanzierung starten sollten"},"content":{"rendered":"\n<p>Der Omnibus-Rechtsakt und die Stop-the-Clock-Richtlinie verschieben Fristen, aber nicht die Pflicht zur THG-Bilanzierung. Warum jetzt der richtige Zeitpunkt ist, mit der Datenerfassung zu starten \u2013 und wie wir von CoFe e.U. Sie dabei unterst\u00fctzen:<\/p>\n\n\n\n<!--more-->\n\n\n\n<p><strong>\u201eStop-the-Clock\u201c ist keine Pause \u2013 sondern die perfekte Gelegenheit, jetzt die Weichen zu stellen.<\/strong><\/p>\n\n\n\n<p>Seit der EU-Richtlinie <strong>CSRD<\/strong> (Corporate Sustainability Reporting Directive) r\u00fcckt die <strong>Treibhausgasbilanzierung (THG-Bilanzierung)<\/strong> ins Zentrum der Unternehmensberichterstattung. Auch in \u00d6sterreich betrifft das k\u00fcnftig tausende Unternehmen \u2013 direkt oder indirekt.<\/p>\n\n\n\n<p>Doch viele fragen sich: <em>Wer muss \u00fcberhaupt berichten?<\/em> Und was bedeutet das aktuelle <strong>Omnibus-Paket<\/strong> bzw. die <strong>\u201eStop-the-Clock\u201c-Richtlinie<\/strong> f\u00fcr mein Unternehmen?<\/p>\n\n\n\n<p>Wir fassen zusammen, worauf Sie achten sollten \u2013 und warum <strong>jetzt<\/strong> der richtige Zeitpunkt ist, mit der Datenerfassung zu beginnen.<\/p>\n\n\n\n<p><strong>Was bedeutet THG-Bilanzierung?<\/strong><br>Bei der THG-Bilanzierung geht es darum, <strong>alle klimarelevanten Emissionen<\/strong> eines Unternehmens systematisch zu erfassen, zu bewerten und transparent zu berichten.<\/p>\n\n\n\n<p>Unterteilt wird dabei in drei Bereiche, die sogenannten <em>Scopes<\/em>:<\/p>\n\n\n\n<ul class=\"wp-block-list\">\n<li><strong>Scope 1:<\/strong> Direkte Emissionen aus eigenen Quellen (z. B. Fuhrpark, Heizanlagen)<\/li>\n\n\n\n<li><strong>Scope 2:<\/strong> Indirekte Emissionen durch zugekaufte Energie (Strom, W\u00e4rme, K\u00e4lte)<\/li>\n\n\n\n<li><strong>Scope 3:<\/strong> Weitere indirekte Emissionen entlang der Wertsch\u00f6pfungskette \u2013 z. B. aus Vorprodukten, Gesch\u00e4ftsreisen oder Entsorgung<\/li>\n<\/ul>\n\n\n\n<p>Diese Bilanz bildet die Basis, um CO\u2082-Reduktionsziele festzulegen und Fortschritte messbar zu machen.<\/p>\n\n\n\n<p><strong>Wer ist betroffen?<\/strong><br>Die Berichtspflicht ergibt sich aus der <strong>CSRD<\/strong>, die in \u00d6sterreich in mehreren Phasen umgesetzt wird.<\/p>\n\n\n\n<p><strong>Bereits betroffen (Welle 1):<\/strong><\/p>\n\n\n\n<ul class=\"wp-block-list\">\n<li>Gro\u00dfe kapitalmarktorientierte Unternehmen, die schon nach der alten NFRD berichtspflichtig waren<\/li>\n\n\n\n<li><strong>Berichtsstart:<\/strong> Gesch\u00e4ftsjahr 2024 (erstmals Bericht 2025)<\/li>\n<\/ul>\n\n\n\n<p><strong>N\u00e4chste Wellen:<\/strong><\/p>\n\n\n\n<ul class=\"wp-block-list\">\n<li><strong>Welle 2:<\/strong> Gro\u00dfe Unternehmen mit &gt; 250 Mitarbeitenden, &gt; 40 Mio \u20ac Umsatz oder &gt; 20 Mio \u20ac Bilanzsumme\n<ul class=\"wp-block-list\">\n<li>Urspr\u00fcnglich Start 2025<\/li>\n\n\n\n<li><strong>Neu durch \u201eStop-the-Clock\u201c: Start ab Gesch\u00e4ftsjahr 2027<\/strong><\/li>\n<\/ul>\n<\/li>\n\n\n\n<li><strong>Welle 3:<\/strong> B\u00f6rsennotierte KMU\n<ul class=\"wp-block-list\">\n<li><strong>Start ab Gesch\u00e4ftsjahr 2028<\/strong> (Opt-Out bis 2030 m\u00f6glich)<\/li>\n<\/ul>\n<\/li>\n<\/ul>\n\n\n\n<p>Nicht-b\u00f6rsennotierte KMU sind derzeit nicht direkt berichtspflichtig, werden aber <strong>indirekt<\/strong> durch Kunden- oder Lieferkettenanforderungen betroffen.<\/p>\n\n\n\n<p><strong>Was bringt der Omnibus-Rechtsakt?<br><\/strong>Der <strong>Omnibus-Rechtsakt<\/strong> ist ein EU-weites Reformpaket, das mehrere Nachhaltigkeitsvorschriften (u. a. CSRD, CSDDD, EU-Taxonomie) anpasst und vereinfachen soll.<\/p>\n\n\n\n<p><strong>Kernpunkte:<\/strong><\/p>\n\n\n\n<ul class=\"wp-block-list\">\n<li><strong>Erh\u00f6hte Schwellenwerte:<\/strong> Nur noch gr\u00f6\u00dfere Unternehmen w\u00e4ren direkt berichtspflichtig.<\/li>\n\n\n\n<li><strong>Verschiebung der Fristen<\/strong> (\u201eStop-the-Clock\u201c) um zwei Jahre.<\/li>\n\n\n\n<li><strong>Weniger B\u00fcrokratie<\/strong>, aber weiterhin verpflichtende THG-Daten nach Scope 1 &amp; 2.<\/li>\n\n\n\n<li><strong>Beibehaltung der Pr\u00fcfungspflicht<\/strong> (Limited Assurance).<\/li>\n<\/ul>\n\n\n\n<p>Kurz: Weniger Papierarbeit, aber dieselbe Verantwortung f\u00fcr Klimadaten und Transparenz.<\/p>\n\n\n\n<p><strong>Was bedeutet &#8222;Stop-the-Clock&#8220; konkret?<br><\/strong>Die EU hat mit der \u201eStop-the-Clock\u201c-Richtlinie die Berichtspflichten <strong>zeitlich verschoben<\/strong>, nicht aufgehoben.<\/p>\n\n\n\n<ul class=\"wp-block-list\">\n<li><strong>Welle 2:<\/strong> Start verschoben auf Gesch\u00e4ftsjahr 2027<\/li>\n\n\n\n<li><strong>Welle 3:<\/strong> Start verschoben auf Gesch\u00e4ftsjahr 2028<\/li>\n<\/ul>\n\n\n\n<p>F\u00fcr Unternehmen bedeutet das: Mehr Zeit, um Prozesse aufzubauen \u2013 aber keine Entschuldigung, unt\u00e4tig zu bleiben.<\/p>\n\n\n\n<p>Denn bis Ende <strong>2026<\/strong> sollte jedes betroffene Unternehmen in der Lage sein, <strong>THG-Daten konsistent und nachvollziehbar<\/strong> zu erfassen.<\/p>\n\n\n\n<p><strong>\u201eStop-the-Clock\u201c ist keine Pause \u2013 es ist eine Vorbereitungszeit.<\/strong><\/p>\n\n\n\n<p><strong>Warum jetzt starten?<br><\/strong>Eine saubere THG-Bilanz entsteht nicht \u00fcber Nacht. Bevor Zahlen und Berichte verl\u00e4sslich vorliegen, braucht es eine solide Grundlage:<\/p>\n\n\n\n<ul class=\"wp-block-list\">\n<li><strong>Datenquellen<\/strong> m\u00fcssen <strong>identifiziert <\/strong>und <strong>strukturiert <\/strong>werden.<\/li>\n\n\n\n<li>E<strong>nergieverbr\u00e4uche, Dienstreisen, Lieferketten-Emissionen<\/strong> sind zu <strong>erfassen <\/strong>und zu <strong>standardisieren<\/strong>.<\/li>\n\n\n\n<li>S<strong>ysteme, Schnittstellen und Berechnungstools<\/strong> wollen <strong>eingerichtet<\/strong>, <strong>getestet <\/strong>und <strong>abgestimmt <\/strong>sein.<\/li>\n<\/ul>\n\n\n\n<p>Wer <strong>jetzt <\/strong>startet, sichert sich wertvolle Zeit -und vermeidet sp\u00e4ter Stress, Datenl\u00fccken oder fehlerhafte Berichte.<\/p>\n\n\n\n<p><strong>CoFe e.U. &#8211; Ihr Partner f\u00fcr eine saubere THG-Bilanz<br><\/strong>Wir unterst\u00fctzen Unternehmen in \u00d6sterreich dabei, ihre <strong>THG-Bilanzierung strukturiert, pr\u00fcfungsf\u00e4hig und effizient<\/strong> umzusetzen:<\/p>\n\n\n\n<ul class=\"wp-block-list\">\n<li><strong>Analyse <\/strong>der aktuellen Datenlage<\/li>\n\n\n\n<li><strong>Aufbau <\/strong>eines klaren Datenerfassungssystems<\/li>\n\n\n\n<li><strong>Berechnung <\/strong>der Emissionen (Scopes 1\u20133)<\/li>\n\n\n\n<li><strong>Erstellung <\/strong>von pr\u00fcff\u00e4higen Berichten nach <strong>CSRD &amp; ESRS<\/strong><\/li>\n\n\n\n<li><strong>Begleitung <\/strong>bei Integration in Nachhaltigkeitsstrategien<\/li>\n<\/ul>\n\n\n\n<p>Unsere St\u00e4rke: <strong>Praxisorientierte L\u00f6sungen<\/strong>, die zur Unternehmensrealit\u00e4t passen \u2013 nicht nur zur Theorie.<\/p>\n\n\n\n<p><strong>Stop-the-Clock = Startschuss<\/strong><br>Der Omnibus-Rechtsakt bringt zwar Erleichterungen &#8211; die \u201eStop-the-Clock\u201c-Regelung verschafft etwas Luft.<br>Doch die <strong>THG-Bilanzierung bleibt Pflicht<\/strong>. Wer fr\u00fchzeitig handelt, profitiert langfristig: durch Routine, Sicherheit und belastbare Daten.<\/p>\n\n\n\n<p><strong>Nutzen Sie das Zeitfenster bis Ende 2026<\/strong>, um Ihre Datenerfassung und Auswertung professionell aufzubauen.<br>Mit <strong><a href=\"https:\/\/www.cofe.at\/index.php\/kontakt\/\">CoFe e.U. <\/a><\/strong>an Ihrer Seite gelingt der Einstieg <strong>effizient<\/strong>, <strong>strukturiert <\/strong>und <strong>rechtssicher<\/strong>.<\/p>\n\n\n\n<p><\/p>\n","protected":false},"excerpt":{"rendered":"<p>Der Omnibus-Rechtsakt und die Stop-the-Clock-Richtlinie verschieben Fristen, aber nicht die Pflicht zur THG-Bilanzierung. Warum jetzt der richtige Zeitpunkt ist, mit der Datenerfassung zu starten \u2013 und wie wir von CoFe e.U. Sie dabei unterst\u00fctzen:<\/p>\n","protected":false},"author":1,"featured_media":2521,"comment_status":"closed","ping_status":"open","sticky":false,"template":"","format":"standard","meta":{"_eb_attr":"","_themeisle_gutenberg_block_has_review":false,"footnotes":""},"categories":[53,171],"tags":[173,118,76,174,52,172],"class_list":["post-2520","post","type-post","status-publish","format-standard","has-post-thumbnail","hentry","category-nachhaltigkeit","category-thg-bilanzierung","tag-bilanzierung","tag-co2","tag-csrd","tag-footprint","tag-nachhaltigkeit","tag-thg"],"yoast_head":"<!-- This site is optimized with the Yoast SEO plugin v27.5 - https:\/\/yoast.com\/product\/yoast-seo-wordpress\/ -->\n<title>&quot;Stop-the-Clock&quot; als Chance: Warum Unternehmen jetzt mit der THG-Bilanzierung starten sollten - CoFe e.U.<\/title>\n<meta name=\"description\" content=\"\u201eStop-the-Clock\u201c ist keine Pause: Unternehmen m\u00fcssen ihre THG-Bilanzierung vorbereiten. Jetzt starten \u2013 mit Cofe e.U. als erfahrenem Partner.\" \/>\n<meta name=\"robots\" content=\"index, follow, max-snippet:-1, max-image-preview:large, max-video-preview:-1\" \/>\n<link rel=\"canonical\" href=\"https:\/\/www.cofe.at\/index.php\/2025\/10\/28\/thg-bilanzierung-fuer-unternehmen-jetzt-ist-die-zeit-zu-starten\/\" \/>\n<meta property=\"og:locale\" content=\"de_DE\" \/>\n<meta property=\"og:type\" content=\"article\" \/>\n<meta property=\"og:title\" content=\"&quot;Stop-the-Clock&quot; als Chance: Warum Unternehmen jetzt mit der THG-Bilanzierung starten sollten - CoFe e.U.\" \/>\n<meta property=\"og:description\" content=\"\u201eStop-the-Clock\u201c ist keine Pause: Unternehmen m\u00fcssen ihre THG-Bilanzierung vorbereiten. Jetzt starten \u2013 mit Cofe e.U. als erfahrenem Partner.\" \/>\n<meta property=\"og:url\" content=\"https:\/\/www.cofe.at\/index.php\/2025\/10\/28\/thg-bilanzierung-fuer-unternehmen-jetzt-ist-die-zeit-zu-starten\/\" \/>\n<meta property=\"og:site_name\" content=\"CoFe e.U.\" \/>\n<meta property=\"article:published_time\" content=\"2025-10-28T06:30:00+00:00\" \/>\n<meta property=\"og:image\" content=\"https:\/\/www.cofe.at\/wp-content\/uploads\/Unternehmen_CO2_Statistik-1024x683.png\" \/>\n\t<meta property=\"og:image:width\" content=\"1024\" \/>\n\t<meta property=\"og:image:height\" content=\"683\" \/>\n\t<meta property=\"og:image:type\" content=\"image\/png\" \/>\n<meta name=\"author\" content=\"Andreas Felber\" \/>\n<meta name=\"twitter:card\" content=\"summary_large_image\" \/>\n<meta name=\"twitter:label1\" content=\"Verfasst von\" \/>\n\t<meta name=\"twitter:data1\" content=\"Andreas Felber\" \/>\n\t<meta name=\"twitter:label2\" content=\"Gesch\u00e4tzte Lesezeit\" \/>\n\t<meta name=\"twitter:data2\" content=\"4 Minuten\" \/>\n<script type=\"application\/ld+json\" class=\"yoast-schema-graph\">{\"@context\":\"https:\\\/\\\/schema.org\",\"@graph\":[{\"@type\":\"Article\",\"@id\":\"https:\\\/\\\/www.cofe.at\\\/index.php\\\/2025\\\/10\\\/28\\\/thg-bilanzierung-fuer-unternehmen-jetzt-ist-die-zeit-zu-starten\\\/#article\",\"isPartOf\":{\"@id\":\"https:\\\/\\\/www.cofe.at\\\/index.php\\\/2025\\\/10\\\/28\\\/thg-bilanzierung-fuer-unternehmen-jetzt-ist-die-zeit-zu-starten\\\/\"},\"author\":{\"name\":\"Andreas Felber\",\"@id\":\"https:\\\/\\\/www.cofe.at\\\/#\\\/schema\\\/person\\\/e9e522f2d19ee060032e9b16ad4cf892\"},\"headline\":\"&#8222;Stop-the-Clock&#8220; als Chance: Warum Unternehmen jetzt mit der THG-Bilanzierung starten sollten\",\"datePublished\":\"2025-10-28T06:30:00+00:00\",\"mainEntityOfPage\":{\"@id\":\"https:\\\/\\\/www.cofe.at\\\/index.php\\\/2025\\\/10\\\/28\\\/thg-bilanzierung-fuer-unternehmen-jetzt-ist-die-zeit-zu-starten\\\/\"},\"wordCount\":638,\"publisher\":{\"@id\":\"https:\\\/\\\/www.cofe.at\\\/#organization\"},\"image\":{\"@id\":\"https:\\\/\\\/www.cofe.at\\\/index.php\\\/2025\\\/10\\\/28\\\/thg-bilanzierung-fuer-unternehmen-jetzt-ist-die-zeit-zu-starten\\\/#primaryimage\"},\"thumbnailUrl\":\"https:\\\/\\\/www.cofe.at\\\/wp-content\\\/uploads\\\/Unternehmen_CO2_Statistik.png\",\"keywords\":[\"Bilanzierung\",\"CO2\",\"CSRD\",\"Footprint\",\"Nachhaltigkeit\",\"THG\"],\"articleSection\":[\"Nachhaltigkeit\",\"THG Bilanzierung\"],\"inLanguage\":\"de-AT\"},{\"@type\":\"WebPage\",\"@id\":\"https:\\\/\\\/www.cofe.at\\\/index.php\\\/2025\\\/10\\\/28\\\/thg-bilanzierung-fuer-unternehmen-jetzt-ist-die-zeit-zu-starten\\\/\",\"url\":\"https:\\\/\\\/www.cofe.at\\\/index.php\\\/2025\\\/10\\\/28\\\/thg-bilanzierung-fuer-unternehmen-jetzt-ist-die-zeit-zu-starten\\\/\",\"name\":\"\\\"Stop-the-Clock\\\" als Chance: Warum Unternehmen jetzt mit der THG-Bilanzierung starten sollten - CoFe e.U.\",\"isPartOf\":{\"@id\":\"https:\\\/\\\/www.cofe.at\\\/#website\"},\"primaryImageOfPage\":{\"@id\":\"https:\\\/\\\/www.cofe.at\\\/index.php\\\/2025\\\/10\\\/28\\\/thg-bilanzierung-fuer-unternehmen-jetzt-ist-die-zeit-zu-starten\\\/#primaryimage\"},\"image\":{\"@id\":\"https:\\\/\\\/www.cofe.at\\\/index.php\\\/2025\\\/10\\\/28\\\/thg-bilanzierung-fuer-unternehmen-jetzt-ist-die-zeit-zu-starten\\\/#primaryimage\"},\"thumbnailUrl\":\"https:\\\/\\\/www.cofe.at\\\/wp-content\\\/uploads\\\/Unternehmen_CO2_Statistik.png\",\"datePublished\":\"2025-10-28T06:30:00+00:00\",\"description\":\"\u201eStop-the-Clock\u201c ist keine Pause: Unternehmen m\u00fcssen ihre THG-Bilanzierung vorbereiten. Jetzt starten \u2013 mit Cofe e.U. als erfahrenem Partner.\",\"breadcrumb\":{\"@id\":\"https:\\\/\\\/www.cofe.at\\\/index.php\\\/2025\\\/10\\\/28\\\/thg-bilanzierung-fuer-unternehmen-jetzt-ist-die-zeit-zu-starten\\\/#breadcrumb\"},\"inLanguage\":\"de-AT\",\"potentialAction\":[{\"@type\":\"ReadAction\",\"target\":[\"https:\\\/\\\/www.cofe.at\\\/index.php\\\/2025\\\/10\\\/28\\\/thg-bilanzierung-fuer-unternehmen-jetzt-ist-die-zeit-zu-starten\\\/\"]}]},{\"@type\":\"ImageObject\",\"inLanguage\":\"de-AT\",\"@id\":\"https:\\\/\\\/www.cofe.at\\\/index.php\\\/2025\\\/10\\\/28\\\/thg-bilanzierung-fuer-unternehmen-jetzt-ist-die-zeit-zu-starten\\\/#primaryimage\",\"url\":\"https:\\\/\\\/www.cofe.at\\\/wp-content\\\/uploads\\\/Unternehmen_CO2_Statistik.png\",\"contentUrl\":\"https:\\\/\\\/www.cofe.at\\\/wp-content\\\/uploads\\\/Unternehmen_CO2_Statistik.png\",\"width\":1536,\"height\":1024},{\"@type\":\"BreadcrumbList\",\"@id\":\"https:\\\/\\\/www.cofe.at\\\/index.php\\\/2025\\\/10\\\/28\\\/thg-bilanzierung-fuer-unternehmen-jetzt-ist-die-zeit-zu-starten\\\/#breadcrumb\",\"itemListElement\":[{\"@type\":\"ListItem\",\"position\":1,\"name\":\"Startseite\",\"item\":\"https:\\\/\\\/www.cofe.at\\\/\"},{\"@type\":\"ListItem\",\"position\":2,\"name\":\"&#8222;Stop-the-Clock&#8220; als Chance: Warum Unternehmen jetzt mit der THG-Bilanzierung starten sollten\"}]},{\"@type\":\"WebSite\",\"@id\":\"https:\\\/\\\/www.cofe.at\\\/#website\",\"url\":\"https:\\\/\\\/www.cofe.at\\\/\",\"name\":\"CoFe e.U.\",\"description\":\"Consulting - Coaching - Computing\",\"publisher\":{\"@id\":\"https:\\\/\\\/www.cofe.at\\\/#organization\"},\"potentialAction\":[{\"@type\":\"SearchAction\",\"target\":{\"@type\":\"EntryPoint\",\"urlTemplate\":\"https:\\\/\\\/www.cofe.at\\\/?s={search_term_string}\"},\"query-input\":{\"@type\":\"PropertyValueSpecification\",\"valueRequired\":true,\"valueName\":\"search_term_string\"}}],\"inLanguage\":\"de-AT\"},{\"@type\":\"Organization\",\"@id\":\"https:\\\/\\\/www.cofe.at\\\/#organization\",\"name\":\"CoFe e.U.\",\"url\":\"https:\\\/\\\/www.cofe.at\\\/\",\"logo\":{\"@type\":\"ImageObject\",\"inLanguage\":\"de-AT\",\"@id\":\"https:\\\/\\\/www.cofe.at\\\/#\\\/schema\\\/logo\\\/image\\\/\",\"url\":\"https:\\\/\\\/www.cofe.at\\\/wp-content\\\/uploads\\\/2024\\\/11\\\/CoFe_Logo_ohneText_blau-bbfff2.svg\",\"contentUrl\":\"https:\\\/\\\/www.cofe.at\\\/wp-content\\\/uploads\\\/2024\\\/11\\\/CoFe_Logo_ohneText_blau-bbfff2.svg\",\"width\":100,\"height\":100,\"caption\":\"CoFe e.U.\"},\"image\":{\"@id\":\"https:\\\/\\\/www.cofe.at\\\/#\\\/schema\\\/logo\\\/image\\\/\"},\"sameAs\":[\"https:\\\/\\\/www.xing.com\\\/pages\\\/cofe-e-u\",\"https:\\\/\\\/www.linkedin.com\\\/company\\\/103912604\"]},{\"@type\":\"Person\",\"@id\":\"https:\\\/\\\/www.cofe.at\\\/#\\\/schema\\\/person\\\/e9e522f2d19ee060032e9b16ad4cf892\",\"name\":\"Andreas Felber\",\"image\":{\"@type\":\"ImageObject\",\"inLanguage\":\"de-AT\",\"@id\":\"https:\\\/\\\/secure.gravatar.com\\\/avatar\\\/8511c95ef6f7083cd0692a3c2beb320c914537f015f7ebfaadd709ccfc4ad0e2?s=96&d=mm&r=g\",\"url\":\"https:\\\/\\\/secure.gravatar.com\\\/avatar\\\/8511c95ef6f7083cd0692a3c2beb320c914537f015f7ebfaadd709ccfc4ad0e2?s=96&d=mm&r=g\",\"contentUrl\":\"https:\\\/\\\/secure.gravatar.com\\\/avatar\\\/8511c95ef6f7083cd0692a3c2beb320c914537f015f7ebfaadd709ccfc4ad0e2?s=96&d=mm&r=g\",\"caption\":\"Andreas Felber\"},\"sameAs\":[\"http:\\\/\\\/www.cofe.at\\\/consulting\"],\"url\":\"https:\\\/\\\/www.cofe.at\\\/index.php\\\/author\\\/felbera\\\/\"}]}<\/script>\n<!-- \/ Yoast SEO plugin. -->","yoast_head_json":{"title":"\"Stop-the-Clock\" als Chance: Warum Unternehmen jetzt mit der THG-Bilanzierung starten sollten - CoFe e.U.","description":"\u201eStop-the-Clock\u201c ist keine Pause: Unternehmen m\u00fcssen ihre THG-Bilanzierung vorbereiten. Jetzt starten \u2013 mit Cofe e.U. als erfahrenem Partner.","robots":{"index":"index","follow":"follow","max-snippet":"max-snippet:-1","max-image-preview":"max-image-preview:large","max-video-preview":"max-video-preview:-1"},"canonical":"https:\/\/www.cofe.at\/index.php\/2025\/10\/28\/thg-bilanzierung-fuer-unternehmen-jetzt-ist-die-zeit-zu-starten\/","og_locale":"de_DE","og_type":"article","og_title":"\"Stop-the-Clock\" als Chance: Warum Unternehmen jetzt mit der THG-Bilanzierung starten sollten - CoFe e.U.","og_description":"\u201eStop-the-Clock\u201c ist keine Pause: Unternehmen m\u00fcssen ihre THG-Bilanzierung vorbereiten. Jetzt starten \u2013 mit Cofe e.U. als erfahrenem Partner.","og_url":"https:\/\/www.cofe.at\/index.php\/2025\/10\/28\/thg-bilanzierung-fuer-unternehmen-jetzt-ist-die-zeit-zu-starten\/","og_site_name":"CoFe e.U.","article_published_time":"2025-10-28T06:30:00+00:00","og_image":[{"width":1024,"height":683,"url":"https:\/\/www.cofe.at\/wp-content\/uploads\/Unternehmen_CO2_Statistik-1024x683.png","type":"image\/png"}],"author":"Andreas Felber","twitter_card":"summary_large_image","twitter_misc":{"Verfasst von":"Andreas Felber","Gesch\u00e4tzte Lesezeit":"4 Minuten"},"schema":{"@context":"https:\/\/schema.org","@graph":[{"@type":"Article","@id":"https:\/\/www.cofe.at\/index.php\/2025\/10\/28\/thg-bilanzierung-fuer-unternehmen-jetzt-ist-die-zeit-zu-starten\/#article","isPartOf":{"@id":"https:\/\/www.cofe.at\/index.php\/2025\/10\/28\/thg-bilanzierung-fuer-unternehmen-jetzt-ist-die-zeit-zu-starten\/"},"author":{"name":"Andreas Felber","@id":"https:\/\/www.cofe.at\/#\/schema\/person\/e9e522f2d19ee060032e9b16ad4cf892"},"headline":"&#8222;Stop-the-Clock&#8220; als Chance: Warum Unternehmen jetzt mit der THG-Bilanzierung starten sollten","datePublished":"2025-10-28T06:30:00+00:00","mainEntityOfPage":{"@id":"https:\/\/www.cofe.at\/index.php\/2025\/10\/28\/thg-bilanzierung-fuer-unternehmen-jetzt-ist-die-zeit-zu-starten\/"},"wordCount":638,"publisher":{"@id":"https:\/\/www.cofe.at\/#organization"},"image":{"@id":"https:\/\/www.cofe.at\/index.php\/2025\/10\/28\/thg-bilanzierung-fuer-unternehmen-jetzt-ist-die-zeit-zu-starten\/#primaryimage"},"thumbnailUrl":"https:\/\/www.cofe.at\/wp-content\/uploads\/Unternehmen_CO2_Statistik.png","keywords":["Bilanzierung","CO2","CSRD","Footprint","Nachhaltigkeit","THG"],"articleSection":["Nachhaltigkeit","THG Bilanzierung"],"inLanguage":"de-AT"},{"@type":"WebPage","@id":"https:\/\/www.cofe.at\/index.php\/2025\/10\/28\/thg-bilanzierung-fuer-unternehmen-jetzt-ist-die-zeit-zu-starten\/","url":"https:\/\/www.cofe.at\/index.php\/2025\/10\/28\/thg-bilanzierung-fuer-unternehmen-jetzt-ist-die-zeit-zu-starten\/","name":"\"Stop-the-Clock\" als Chance: Warum Unternehmen jetzt mit der THG-Bilanzierung starten sollten - CoFe e.U.","isPartOf":{"@id":"https:\/\/www.cofe.at\/#website"},"primaryImageOfPage":{"@id":"https:\/\/www.cofe.at\/index.php\/2025\/10\/28\/thg-bilanzierung-fuer-unternehmen-jetzt-ist-die-zeit-zu-starten\/#primaryimage"},"image":{"@id":"https:\/\/www.cofe.at\/index.php\/2025\/10\/28\/thg-bilanzierung-fuer-unternehmen-jetzt-ist-die-zeit-zu-starten\/#primaryimage"},"thumbnailUrl":"https:\/\/www.cofe.at\/wp-content\/uploads\/Unternehmen_CO2_Statistik.png","datePublished":"2025-10-28T06:30:00+00:00","description":"\u201eStop-the-Clock\u201c ist keine Pause: Unternehmen m\u00fcssen ihre THG-Bilanzierung vorbereiten. Jetzt starten \u2013 mit Cofe e.U. als erfahrenem Partner.","breadcrumb":{"@id":"https:\/\/www.cofe.at\/index.php\/2025\/10\/28\/thg-bilanzierung-fuer-unternehmen-jetzt-ist-die-zeit-zu-starten\/#breadcrumb"},"inLanguage":"de-AT","potentialAction":[{"@type":"ReadAction","target":["https:\/\/www.cofe.at\/index.php\/2025\/10\/28\/thg-bilanzierung-fuer-unternehmen-jetzt-ist-die-zeit-zu-starten\/"]}]},{"@type":"ImageObject","inLanguage":"de-AT","@id":"https:\/\/www.cofe.at\/index.php\/2025\/10\/28\/thg-bilanzierung-fuer-unternehmen-jetzt-ist-die-zeit-zu-starten\/#primaryimage","url":"https:\/\/www.cofe.at\/wp-content\/uploads\/Unternehmen_CO2_Statistik.png","contentUrl":"https:\/\/www.cofe.at\/wp-content\/uploads\/Unternehmen_CO2_Statistik.png","width":1536,"height":1024},{"@type":"BreadcrumbList","@id":"https:\/\/www.cofe.at\/index.php\/2025\/10\/28\/thg-bilanzierung-fuer-unternehmen-jetzt-ist-die-zeit-zu-starten\/#breadcrumb","itemListElement":[{"@type":"ListItem","position":1,"name":"Startseite","item":"https:\/\/www.cofe.at\/"},{"@type":"ListItem","position":2,"name":"&#8222;Stop-the-Clock&#8220; als Chance: Warum Unternehmen jetzt mit der THG-Bilanzierung starten sollten"}]},{"@type":"WebSite","@id":"https:\/\/www.cofe.at\/#website","url":"https:\/\/www.cofe.at\/","name":"CoFe e.U.","description":"Consulting - Coaching - Computing","publisher":{"@id":"https:\/\/www.cofe.at\/#organization"},"potentialAction":[{"@type":"SearchAction","target":{"@type":"EntryPoint","urlTemplate":"https:\/\/www.cofe.at\/?s={search_term_string}"},"query-input":{"@type":"PropertyValueSpecification","valueRequired":true,"valueName":"search_term_string"}}],"inLanguage":"de-AT"},{"@type":"Organization","@id":"https:\/\/www.cofe.at\/#organization","name":"CoFe e.U.","url":"https:\/\/www.cofe.at\/","logo":{"@type":"ImageObject","inLanguage":"de-AT","@id":"https:\/\/www.cofe.at\/#\/schema\/logo\/image\/","url":"https:\/\/www.cofe.at\/wp-content\/uploads\/2024\/11\/CoFe_Logo_ohneText_blau-bbfff2.svg","contentUrl":"https:\/\/www.cofe.at\/wp-content\/uploads\/2024\/11\/CoFe_Logo_ohneText_blau-bbfff2.svg","width":100,"height":100,"caption":"CoFe e.U."},"image":{"@id":"https:\/\/www.cofe.at\/#\/schema\/logo\/image\/"},"sameAs":["https:\/\/www.xing.com\/pages\/cofe-e-u","https:\/\/www.linkedin.com\/company\/103912604"]},{"@type":"Person","@id":"https:\/\/www.cofe.at\/#\/schema\/person\/e9e522f2d19ee060032e9b16ad4cf892","name":"Andreas Felber","image":{"@type":"ImageObject","inLanguage":"de-AT","@id":"https:\/\/secure.gravatar.com\/avatar\/8511c95ef6f7083cd0692a3c2beb320c914537f015f7ebfaadd709ccfc4ad0e2?s=96&d=mm&r=g","url":"https:\/\/secure.gravatar.com\/avatar\/8511c95ef6f7083cd0692a3c2beb320c914537f015f7ebfaadd709ccfc4ad0e2?s=96&d=mm&r=g","contentUrl":"https:\/\/secure.gravatar.com\/avatar\/8511c95ef6f7083cd0692a3c2beb320c914537f015f7ebfaadd709ccfc4ad0e2?s=96&d=mm&r=g","caption":"Andreas Felber"},"sameAs":["http:\/\/www.cofe.at\/consulting"],"url":"https:\/\/www.cofe.at\/index.php\/author\/felbera\/"}]}},"_links":{"self":[{"href":"https:\/\/www.cofe.at\/index.php\/wp-json\/wp\/v2\/posts\/2520","targetHints":{"allow":["GET"]}}],"collection":[{"href":"https:\/\/www.cofe.at\/index.php\/wp-json\/wp\/v2\/posts"}],"about":[{"href":"https:\/\/www.cofe.at\/index.php\/wp-json\/wp\/v2\/types\/post"}],"author":[{"embeddable":true,"href":"https:\/\/www.cofe.at\/index.php\/wp-json\/wp\/v2\/users\/1"}],"replies":[{"embeddable":true,"href":"https:\/\/www.cofe.at\/index.php\/wp-json\/wp\/v2\/comments?post=2520"}],"version-history":[{"count":11,"href":"https:\/\/www.cofe.at\/index.php\/wp-json\/wp\/v2\/posts\/2520\/revisions"}],"predecessor-version":[{"id":2563,"href":"https:\/\/www.cofe.at\/index.php\/wp-json\/wp\/v2\/posts\/2520\/revisions\/2563"}],"wp:featuredmedia":[{"embeddable":true,"href":"https:\/\/www.cofe.at\/index.php\/wp-json\/wp\/v2\/media\/2521"}],"wp:attachment":[{"href":"https:\/\/www.cofe.at\/index.php\/wp-json\/wp\/v2\/media?parent=2520"}],"wp:term":[{"taxonomy":"category","embeddable":true,"href":"https:\/\/www.cofe.at\/index.php\/wp-json\/wp\/v2\/categories?post=2520"},{"taxonomy":"post_tag","embeddable":true,"href":"https:\/\/www.cofe.at\/index.php\/wp-json\/wp\/v2\/tags?post=2520"}],"curies":[{"name":"wp","href":"https:\/\/api.w.org\/{rel}","templated":true}]}}